{"id":1,"date":"2012-01-20T14:47:13","date_gmt":"2012-01-20T14:47:13","guid":{"rendered":"http:\/\/affaire-seznec.p.ht\/?p=1"},"modified":"2018-04-05T12:03:41","modified_gmt":"2018-04-05T12:03:41","slug":"hello-world","status":"publish","type":"post","link":"https:\/\/affaire-cadiou-seznec.fr\/?p=1","title":{"rendered":"25 mai 1923 : 90 ans pil poil que Pierre Qu\u00e9m\u00e9ner se fait attendre&#8230;"},"content":{"rendered":"<p style=\"text-align: justify;\">Nouveau site pour marquer symboliquement le 90\u00e8me anniversaire du dernier tour de piste du conseiller g\u00e9n\u00e9ral de Sizun. Dans les m\u00e9dias officiels, l&#8217;histoire non moins officielle a toujours cours, j&#8217;en veux pour preuve la mise en avant cette semaine sur France Info, d&#8217;une rediffusion d&#8217;une interview de Denis Seznec. Un mod\u00e8le du genre puisqu&#8217;en l&#8217;espace de 2 minutes, l&#8217;auditeur a droit \u00e0 Pierre Qu\u00e9m\u00e9ner &#8220;futur d\u00e9put\u00e9&#8221;, au r\u00f4le principal de l&#8217;inspecteur-stagiaire Bonny, \u00e0 la gr\u00e2ce de de Gaulle et \u00e0 la bonne sant\u00e9 de la scierie de Traon-Velin&#8230; bref, d&#8217;entr\u00e9e, une overdose d&#8217;arguments us\u00e9s jusqu&#8217;\u00e0 la corde &#8211; \u00e0 ce stade-l\u00e0, on est au-del\u00e0 de l&#8217;imposture, on bascule dans la b\u00eatise.<\/p>\n<p style=\"text-align: justify;\">Tentons donc d&#8217;opposer une r\u00e9sistance aux affirmations fallacieuses (d&#8217;ailleurs jamais sourc\u00e9es), aux conclusions h\u00e2tives et, modestement, essayons d&#8217;apporter notre pierre \u00e0 la recherche de la v\u00e9rit\u00e9.<\/p>\n","protected":false},"excerpt":{"rendered":"<p>Nouveau site pour marquer symboliquement le 90\u00e8me anniversaire du dernier tour de piste du conseiller g\u00e9n\u00e9ral de Sizun. Dans les m\u00e9dias officiels, l&#8217;histoire non moins officielle a toujours cours, j&#8217;en veux pour preuve la mise en avant cette semaine sur France Info, d&#8217;une rediffusion d&#8217;une interview de Denis Seznec. Un mod\u00e8le du genre puisqu&#8217;en l&#8217;espace <a class=\"read-more\" href=\"https:\/\/affaire-cadiou-seznec.fr\/?p=1\">Read more<\/a><\/p>\n","protected":false},"author":1,"featured_media":0,"comment_status":"open","ping_status":"open","sticky":false,"template":"","format":"standard","meta":{"footnotes":""},"categories":[1],"tags":[],"class_list":["post-1","post","type-post","status-publish","format-standard","hentry","category-uncategorized","wpautop"],"_links":{"self":[{"href":"https:\/\/affaire-cadiou-seznec.fr\/index.php?rest_route=\/wp\/v2\/posts\/1","targetHints":{"allow":["GET"]}}],"collection":[{"href":"https:\/\/affaire-cadiou-seznec.fr\/index.php?rest_route=\/wp\/v2\/posts"}],"about":[{"href":"https:\/\/affaire-cadiou-seznec.fr\/index.php?rest_route=\/wp\/v2\/types\/post"}],"author":[{"embeddable":true,"href":"https:\/\/affaire-cadiou-seznec.fr\/index.php?rest_route=\/wp\/v2\/users\/1"}],"replies":[{"embeddable":true,"href":"https:\/\/affaire-cadiou-seznec.fr\/index.php?rest_route=%2Fwp%2Fv2%2Fcomments&post=1"}],"version-history":[{"count":0,"href":"https:\/\/affaire-cadiou-seznec.fr\/index.php?rest_route=\/wp\/v2\/posts\/1\/revisions"}],"wp:attachment":[{"href":"https:\/\/affaire-cadiou-seznec.fr\/index.php?rest_route=%2Fwp%2Fv2%2Fmedia&parent=1"}],"wp:term":[{"taxonomy":"category","embeddable":true,"href":"https:\/\/affaire-cadiou-seznec.fr\/index.php?rest_route=%2Fwp%2Fv2%2Fcategories&post=1"},{"taxonomy":"post_tag","embeddable":true,"href":"https:\/\/affaire-cadiou-seznec.fr\/index.php?rest_route=%2Fwp%2Fv2%2Ftags&post=1"}],"curies":[{"name":"wp","href":"https:\/\/api.w.org\/{rel}","templated":true}]}}