{"id":1109,"date":"2016-01-05T17:28:09","date_gmt":"2016-01-05T17:28:09","guid":{"rendered":"http:\/\/www.affaire-seznec.byethost22.com\/?p=1109"},"modified":"2018-04-05T11:57:32","modified_gmt":"2018-04-05T11:57:32","slug":"demarrons-donc-lannee-par-deux-comiques-azzopardi-et-denis-seznec","status":"publish","type":"post","link":"https:\/\/affaire-cadiou-seznec.fr\/?p=1109","title":{"rendered":"&#8230; d\u00e9marrons-donc l&#8217;ann\u00e9e par deux comiques : Azzopardi et Denis Seznec"},"content":{"rendered":"<p style=\"text-align: justify;\">Apr\u00e8s une p\u00e9riode d&#8217;abstinence, je recolle \u00e0 l&#8217;histoire &#8211; j&#8217;allais dire au peloton, mais celui-ci s&#8217;est bigrement aminci au cours des derniers mois \u00e9coul\u00e9s, au point de devenir fantomatique. L&#8217;ann\u00e9e 2016 verra t-elle des travaux de terrassement du c\u00f4t\u00e9 de Traon-Velin, au risque de r\u00e9veiller l&#8217;Pierrot qui y dormirait depuis sa derni\u00e8re conversation avec Marie-Jeanne ? Et si Pierrot y&#8217;avait, ferait-on un grand pas vers la r\u00e9solution de l&#8217;\u00e9nigme ? Pas s\u00fbr &#8211; mais au fait&#8230; j&#8217;ai bien lu aussi que l&#8217;Pierrot pion\u00e7ait au fond d&#8217;une mine d\u00e9saffect\u00e9e dans les Alpes Mancelles et que des recherches pourraient \u00eatre men\u00e9es&#8230; o\u00f9 en est-on ? &#8211; dois-je commencer \u00e0 envisager de creuser dans mon jardin ?<\/p>\n<p style=\"text-align: justify;\">Vous l&#8217;aurez compris, je souhaite d\u00e9passer le t\u00e9moignage de Petit-Guillaume et continuer \u00e0 glaner ici et l\u00e0 des \u00e9l\u00e9ments disparates permettant d&#8217;avancer vers une compr\u00e9hension globale de l&#8217;affaire. Voil\u00e0 plus de dix ans que je m&#8217;int\u00e9resse \u00e0 l&#8217;histoire et au fil des ans mon point de vue a \u00e9videmment \u00e9volu\u00e9, aujourd&#8217;hui je pense qu&#8217;il s&#8217;agit probablement d&#8217;un banal fait divers qui a b\u00e9n\u00e9fici\u00e9 d&#8217;une couverture m\u00e9diatique unique pour l&#8217;\u00e9poque, la famille a su en tirer parti, des d\u00e9fenseurs de la cause ont embray\u00e9, la mayonnaise a pris et nous voil\u00e0 pr\u00e8s de cent apr\u00e8s \u00e0 nous demander si le commis des postes B\u00e9gu\u00e9 a bien vu quelqu&#8217;un et si oui, \u00e0 quel date \u00a0? &#8211; permettez donc d&#8217;avoir en ce d\u00e9but d&#8217;ann\u00e9e, une pens\u00e9e pour\u00a0ces centaines de condamn\u00e9s-malgr\u00e9-le-doute rest\u00e9s\u00a0confin\u00e9s\u00a0dans l&#8217;anonymat le plus strict&#8230;<\/p>\n<p style=\"text-align: justify;\">Ce pr\u00e9ambule \u00e9tant fait, revenons \u00e0 notre feuilleton et&#8230; \u00e0 notre\u00a0ami maltais James, voyagiste au Havre<\/p>\n<p style=\"text-align: justify;\">En premier lieu, citons l&#8217;auteur qui semble mieux le conna\u00eetre, Denis Seznec himself (dans &#8220;<em>Nous les Seznec<\/em>&#8220;) :<em> &#8220;Cinqui\u00e8me personnage : M. James Azzopardi, directeur de l&#8217;agence de l&#8217;agence de voyage Balkan-Express, au Havre. Le 13 juin, il re\u00e7oit la visite d&#8217;un inconnu. L&#8217;homme mesure 1,75 m\u00e8tre, arbore un feutre mou, porte une barbe de plusieurs jours et a des mains velues. Il lui demande d&#8217;\u00e9tablir un re\u00e7u fictif pour une vente de dollars, en \u00e9change d&#8217;une bonne r\u00e9compense. L&#8217;honn\u00eate commer\u00e7ant proteste aussit\u00f4t : sa maison ne saurait se livrer \u00e0 une telle op\u00e9ration, qui est un v\u00e9ritable d\u00e9lit ! Le demandeur n&#8217;insiste pas et s&#8217;en va&#8230;&#8221;<\/em><\/p>\n<p style=\"text-align: justify;\">Les lecteurs qui ont pris connaissance d&#8217;un pr\u00e9c\u00e9dent article sur Azzopardi se diront, une fois de plus, que l&#8217;gars Denis, y&#8217;a pas \u00e0 dire, il est tr\u00e8s fort, l&#8217;historien local havrais peut toujours s&#8217;accrocher &#8211; quant aux autres, je leur propose la lecture <em>(apr\u00e8s zoom sur l&#8217;image)<\/em> d&#8217;un reportage\u00a0de Paris-Soir (juin 1931) o\u00f9 ils reconna\u00eetront ais\u00e9ment &#8220;l&#8217;honn\u00eate commer\u00e7ant&#8221;, <em>corcse<\/em>\u00a0notoire.<\/p>\n<style type=\"text\/css\">\r\n\t#foogallery-gallery-1120 .fg-image {\r\n        width: 150px;\r\n    }\r\n<\/style>\r\n\t\t\t\t<div class=\"foogallery foogallery-container foogallery-default foogallery-lightbox-foobox-free fg-gutter-10 fg-center fg-default fg-light fg-border-thin fg-shadow-small fg-loading-default fg-loaded-fade-in fg-hover-fade fg-hover-zoom fg-ready\" id=\"foogallery-gallery-1120\" data-foogallery=\"{&quot;item&quot;:{&quot;showCaptionTitle&quot;:false,&quot;showCaptionDescription&quot;:false},&quot;lazy&quot;:true}\" >\r\n\t<div class=\"fg-item fg-type-image fg-idle\"><figure class=\"fg-item-inner\"><a href=\"https:\/\/affaire-cadiou-seznec.fr\/wp-content\/uploads\/2016\/01\/Paris-soir-260631-azopardi-2.jpg\" data-attachment-id=\"1125\" data-type=\"image\" class=\"fg-thumb\"><span class=\"fg-image-wrap\"><img decoding=\"async\" width=\"150\" height=\"150\" class=\"skip-lazy fg-image\" data-src-fg=\"https:\/\/affaire-cadiou-seznec.fr\/wp-content\/uploads\/cache\/2016\/01\/Paris-soir-260631-azopardi-2\/626342111.jpg\" data-srcset-fg=\"https:\/\/affaire-cadiou-seznec.fr\/wp-content\/uploads\/cache\/2016\/01\/Paris-soir-260631-azopardi-2\/2332363192.jpg 2x\" src=\"data:image\/svg+xml,%3Csvg%20xmlns%3D%22http%3A%2F%2Fwww.w3.org%2F2000%2Fsvg%22%20width%3D%22150%22%20height%3D%22150%22%20viewBox%3D%220%200%20150%20150%22%3E%3C%2Fsvg%3E\" loading=\"eager\"><\/span><span class=\"fg-image-overlay\"><\/span><\/a><figcaption class=\"fg-caption\"><div class=\"fg-caption-inner\"><\/div><\/figcaption><\/figure><div class=\"fg-loader\"><\/div><\/div><\/div>\r\n\n<p>&nbsp;<\/p>\n","protected":false},"excerpt":{"rendered":"<p>Apr\u00e8s une p\u00e9riode d&#8217;abstinence, je recolle \u00e0 l&#8217;histoire &#8211; j&#8217;allais dire au peloton, mais celui-ci s&#8217;est bigrement aminci au cours des derniers mois \u00e9coul\u00e9s, au point de devenir fantomatique. L&#8217;ann\u00e9e 2016 verra t-elle des travaux de terrassement du c\u00f4t\u00e9 de Traon-Velin, au risque de r\u00e9veiller l&#8217;Pierrot qui y dormirait depuis sa derni\u00e8re conversation avec Marie-Jeanne <a class=\"read-more\" href=\"https:\/\/affaire-cadiou-seznec.fr\/?p=1109\">Read more<\/a><\/p>\n","protected":false},"author":1,"featured_media":0,"comment_status":"open","ping_status":"open","sticky":false,"template":"","format":"standard","meta":{"footnotes":""},"categories":[1],"tags":[],"class_list":["post-1109","post","type-post","status-publish","format-standard","hentry","category-uncategorized","wpautop"],"_links":{"self":[{"href":"https:\/\/affaire-cadiou-seznec.fr\/index.php?rest_route=\/wp\/v2\/posts\/1109","targetHints":{"allow":["GET"]}}],"collection":[{"href":"https:\/\/affaire-cadiou-seznec.fr\/index.php?rest_route=\/wp\/v2\/posts"}],"about":[{"href":"https:\/\/affaire-cadiou-seznec.fr\/index.php?rest_route=\/wp\/v2\/types\/post"}],"author":[{"embeddable":true,"href":"https:\/\/affaire-cadiou-seznec.fr\/index.php?rest_route=\/wp\/v2\/users\/1"}],"replies":[{"embeddable":true,"href":"https:\/\/affaire-cadiou-seznec.fr\/index.php?rest_route=%2Fwp%2Fv2%2Fcomments&post=1109"}],"version-history":[{"count":0,"href":"https:\/\/affaire-cadiou-seznec.fr\/index.php?rest_route=\/wp\/v2\/posts\/1109\/revisions"}],"wp:attachment":[{"href":"https:\/\/affaire-cadiou-seznec.fr\/index.php?rest_route=%2Fwp%2Fv2%2Fmedia&parent=1109"}],"wp:term":[{"taxonomy":"category","embeddable":true,"href":"https:\/\/affaire-cadiou-seznec.fr\/index.php?rest_route=%2Fwp%2Fv2%2Fcategories&post=1109"},{"taxonomy":"post_tag","embeddable":true,"href":"https:\/\/affaire-cadiou-seznec.fr\/index.php?rest_route=%2Fwp%2Fv2%2Ftags&post=1109"}],"curies":[{"name":"wp","href":"https:\/\/api.w.org\/{rel}","templated":true}]}}