{"id":112,"date":"2013-10-08T11:24:38","date_gmt":"2013-10-08T11:24:38","guid":{"rendered":"http:\/\/affaire-seznec.w.pw\/?p=112"},"modified":"2018-04-05T12:03:25","modified_gmt":"2018-04-05T12:03:25","slug":"une-histoire-de-rade-dame-berthe-embrouille-herve-bal-et-denis-seznec","status":"publish","type":"post","link":"https:\/\/affaire-cadiou-seznec.fr\/?p=112","title":{"rendered":"une histoire de rade : dame Berthe embrouille Herv\u00e9, Bal et Denis Seznec"},"content":{"rendered":"<p style=\"text-align: justify;\"><strong><span style=\"font-size: 16px; font-family: arial,helvetica,sans-serif;\">Du Tambour au Canon de la Marne<\/span><\/strong><\/p>\n<p style=\"text-align: justify;\"><strong><span style=\"font-family: arial,helvetica,sans-serif;\">Trois auteurs \u00e9voquent ces deux bistrots tenus par Mme Masson (connue sous le nom de Berthe Rallu) : le juge Herv\u00e9, Claude Bal et Denis Seznec, le dernier &#8220;pompant&#8221; all\u00e8grement ceux qui le pr\u00e9c\u00e8dent, sans scrupules et surtout sans v\u00e9rifier le bien-fond\u00e9 de leurs\u00a0 affirmations.<\/span><\/strong><\/p>\n<p style=\"text-align: justify;\"><strong><span style=\"font-family: arial,helvetica,sans-serif;\">Dans le cas pr\u00e9sent, int\u00e9ressons-nous au d\u00e9m\u00e9nagement de dame Berthe, de l&#8217;avenue La Bourdonnais (\u00e0 Paris) aux bords de la Marne \u00e0 Chelles.<\/span><\/strong><\/p>\n<p style=\"text-align: justify;\"><strong><span style=\"font-family: arial,helvetica,sans-serif;\">Voyons ce que nous en dit Claude Bal (&#8220;<em>Seznec \u00e9tait innocent<\/em>&#8220;, pp 220-221) :<\/span><\/strong><\/p>\n<p style=\"text-align: justify; padding-left: 30px;\"><strong><span style=\"font-family: arial,helvetica,sans-serif;\">&#8211; <em>&#8220;Comme, depuis lors, personne n&#8217;a plus jamais rencontr\u00e9 Quemeneur, celui-ci a vraisemblablement \u00e9t\u00e9 assassin\u00e9 fin mai 1923&#8230; Or, \u00e0 ce moment pr\u00e9cis, Berthe est prise d&#8221;une envie soudaine de d\u00e9m\u00e9nager!&#8230; M. Moreau lui demande alors de fixer la date \u00e0 laquelle il pourra disposer des lieux. Tout de suite r\u00e9pondit-elle. L&#8217;air de Paris, soudain, ne lui convient plu! Elle en a assez de ce maudit caf\u00e9&#8230; M. Moreau saisit l&#8217;occasion&#8230; Il offre quelques jours de d\u00e9lai \u00e0 Berthe pour d\u00e9m\u00e9nager. inutile : Berthe veut partir sur le champ. L&#8217;accord est sign\u00e9 le 1er juin (enregistrement, Service des cessions, H\u00f4tel des Finances, Paris)&#8230; Donc, Berthe s&#8217;installe \u00e0 Chelles&#8221;<\/em><\/span><\/strong><\/p>\n<p style=\"text-align: justify;\"><strong><span style=\"font-family: arial,helvetica,sans-serif;\">Puis, lisons la &#8220;reprise&#8221; de l&#8217;\u00e9v\u00e8nement dans &#8220;<em>Nous les Seznec<\/em>&#8220;, par Denis Seznec (p. 359) :<\/span><\/strong><\/p>\n<p style=\"text-align: justify; padding-left: 30px;\"><strong><span style=\"font-family: arial,helvetica,sans-serif;\">&#8211; <em>&#8220;Herv\u00e9&#8230; met en \u00e9vidence une co\u00efncidence troublante : le 1er juin 1923, c&#8217;est-\u00e0-dire peu de temps apr\u00e8s la disparition de Quemeneur, la tenanci\u00e8re du Tambour, Berthe Rallu, a vendu son caf\u00e9 et est all\u00e9e s&#8221;installer \u00e0 Chelles&#8230;&#8221;<\/em><\/span><\/strong><\/p>\n<p style=\"text-align: justify;\"><strong><span style=\"font-family: arial,helvetica,sans-serif;\">Pour nos trois enqu\u00eateurs du dimanche (les deux premiers servant de b\u00e9quilles au troisi\u00e8me), le lien entre la disparition de Qu\u00e9m\u00e9neur et la cession du Tambour semble \u00e9vident.<\/span><\/strong><\/p>\n<p style=\"text-align: justify;\"><strong><span style=\"font-family: arial,helvetica,sans-serif;\">Et si on prenait le temps de regarder de plus pr\u00e8s l&#8217;historique de cette cession (il s&#8217;agit du fonds et non des murs, Mme Masson \u00e9tant locataire). Le document administratif pr\u00e9cit\u00e9, dat\u00e9 du 1er juin 1923, correspond bien \u00e0 la reprise de l&#8217;\u00e9tablissement tenu par Mme Masson, par M. Moreau. Remontons quelques ann\u00e9es en arri\u00e8re, plus pr\u00e9cis\u00e9ment \u00e0 l&#8217;ann\u00e9e 1911. Cette ann\u00e9e-l\u00e0, Alphonse Georges Louis Rallu (n\u00e9 en 1879, \u00e0 Paris), \u00e9poux de Marie Henriette F\u00e9licit\u00e9 Masson (n\u00e9e en 1879, en Ard\u00e8che), acquiert le caf\u00e9 Le Tambour &#8211; en janvier 1920, le couple Rallu\/Masson divorce. En avril 1921, la communaut\u00e9 de biens est dissoute et le fonds de commerce est attribu\u00e9 \u00e0 l&#8217;ex-\u00e9pouse &#8211; la d\u00e9claration \u00e0 la pr\u00e9fecture de police est faite dans le mois qui suit. <\/span><\/strong><\/p>\n<p style=\"text-align: justify;\"><span style=\"text-decoration: underline;\"><strong><span style=\"font-family: arial,helvetica,sans-serif;\">En janvier 1923 (acte sous seing priv\u00e9 et enregistrement), la dame Masson vend son \u00e9tablissement \u00e0 Marcel Gaston Moreau et \u00e0 son \u00e9pouse Marthe Cl\u00e9mentine Ernestine Lavisse &#8211; la prise de possession pr\u00e9cis\u00e9e sur l&#8217;acte \u00e9tant le 1er juin 1923.<\/span><\/strong><\/span><\/p>\n<p style=\"text-align: justify;\"><strong><span style=\"font-family: arial,helvetica,sans-serif;\">Ces renseignements qui balaient l&#8217;id\u00e9e d&#8217;une relation de cause \u00e0 effet entre la disparition de Pierre Qu\u00e9m\u00e9ner et le d\u00e9part de dame Berthe, Claude Bal ne pouvait les ignorer, de m\u00eame que Denis Seznec, pour la simple raison qu&#8217;ils sont au dossier. Donc, d\u00e9sormais, lorsqu&#8217;en conf\u00e9rence vous entendrez notre conf\u00e9rencier hexagonal \u00e9voquer le d\u00e9part soudain et &#8220;contraint&#8221; de dame Berthe, de Paris pour Chelles, vous pourrez consid\u00e9rer qu&#8217;il s&#8217;agit ni plus ni moins d&#8217;un gros mensonge&#8230; un de plus, ironiserons certains.<\/span><\/strong><\/p>\n","protected":false},"excerpt":{"rendered":"<p>Du Tambour au Canon de la Marne Trois auteurs \u00e9voquent ces deux bistrots tenus par Mme Masson (connue sous le nom de Berthe Rallu) : le juge Herv\u00e9, Claude Bal et Denis Seznec, le dernier &#8220;pompant&#8221; all\u00e8grement ceux qui le pr\u00e9c\u00e8dent, sans scrupules et surtout sans v\u00e9rifier le bien-fond\u00e9 de leurs\u00a0 affirmations. Dans le cas <a class=\"read-more\" href=\"https:\/\/affaire-cadiou-seznec.fr\/?p=112\">Read more<\/a><\/p>\n","protected":false},"author":1,"featured_media":0,"comment_status":"open","ping_status":"open","sticky":false,"template":"","format":"standard","meta":{"footnotes":""},"categories":[1],"tags":[],"class_list":["post-112","post","type-post","status-publish","format-standard","hentry","category-uncategorized","wpautop"],"_links":{"self":[{"href":"https:\/\/affaire-cadiou-seznec.fr\/index.php?rest_route=\/wp\/v2\/posts\/112","targetHints":{"allow":["GET"]}}],"collection":[{"href":"https:\/\/affaire-cadiou-seznec.fr\/index.php?rest_route=\/wp\/v2\/posts"}],"about":[{"href":"https:\/\/affaire-cadiou-seznec.fr\/index.php?rest_route=\/wp\/v2\/types\/post"}],"author":[{"embeddable":true,"href":"https:\/\/affaire-cadiou-seznec.fr\/index.php?rest_route=\/wp\/v2\/users\/1"}],"replies":[{"embeddable":true,"href":"https:\/\/affaire-cadiou-seznec.fr\/index.php?rest_route=%2Fwp%2Fv2%2Fcomments&post=112"}],"version-history":[{"count":0,"href":"https:\/\/affaire-cadiou-seznec.fr\/index.php?rest_route=\/wp\/v2\/posts\/112\/revisions"}],"wp:attachment":[{"href":"https:\/\/affaire-cadiou-seznec.fr\/index.php?rest_route=%2Fwp%2Fv2%2Fmedia&parent=112"}],"wp:term":[{"taxonomy":"category","embeddable":true,"href":"https:\/\/affaire-cadiou-seznec.fr\/index.php?rest_route=%2Fwp%2Fv2%2Fcategories&post=112"},{"taxonomy":"post_tag","embeddable":true,"href":"https:\/\/affaire-cadiou-seznec.fr\/index.php?rest_route=%2Fwp%2Fv2%2Ftags&post=112"}],"curies":[{"name":"wp","href":"https:\/\/api.w.org\/{rel}","templated":true}]}}