{"id":127,"date":"2013-10-08T16:15:01","date_gmt":"2013-10-08T16:15:01","guid":{"rendered":"http:\/\/affaire-seznec.w.pw\/?p=127"},"modified":"2018-04-05T12:03:16","modified_gmt":"2018-04-05T12:03:16","slug":"examen-probatoire-dexactitude-candidat-denis-seznec","status":"publish","type":"post","link":"https:\/\/affaire-cadiou-seznec.fr\/?p=127","title":{"rendered":"Examen probatoire d&#8217;exactitude &#8211; candidat : Denis Seznec"},"content":{"rendered":"<p align=\"JUSTIFY\"><span style=\"font-size: 16px; font-family: arial black,avant garde; color: #008000;\"><strong>[admission : 1 bonne r\u00e9ponse\/25 &#8211; mention &#8220;<em>exactitude absolue<\/em>&#8221; : 2 bonnes r\u00e9ponses\/25 ]<\/strong><\/span><\/p>\n<p align=\"JUSTIFY\"><em>[les questions se rapportent \u00e0 des affirmations lues dans des \u00e9crits (ouvrages, articles de presse) ou entendues dans des interventions (conf\u00e9rences, interviews), relatives au sujet &#8211; le d\u00e9lai pour r\u00e9pondre est au bon vouloir du candidat &#8211; toute aide, sans restriction, est autoris\u00e9e]<\/em><\/p>\n<p align=\"JUSTIFY\">\u00a0<span style=\"font-family: arial black,avant garde;\"><strong>Pouvez-vous, Monsieur Denis Seznec, nous donner un seul et unique \u00e9l\u00e9ment (document, source, cote d\u2019archives\u2026) nous prouvant formellement :<\/strong><\/span><\/p>\n<p style=\"padding-left: 30px;\" align=\"JUSTIFY\"><span style=\"font-family: arial black,avant garde;\"><strong>1 &#8211; le trafic des cadillacs, tel que d\u00e9crit par Guillaume Seznec en juin 1923 <em><strong>(<\/strong>vers les Soviets ou toute autre destination) ?<br \/>\n<\/em><\/strong><\/span><\/p>\n<p style=\"padding-left: 30px;\" align=\"JUSTIFY\"><span style=\"font-family: arial black,avant garde;\"><strong>\u00a02 &#8211; le fait que Guillaume Seznec aper\u00e7oit l\u2019incendie de son magasin \u00e0 v\u00e9los, du haut de sa selle, p\u00e9dalant du c\u00f4t\u00e9 du Menez-Hom, dans la nuit du 2 au 3 novembre 1908 ?<br \/>\n<\/strong><\/span><\/p>\n<p style=\"padding-left: 30px;\" align=\"JUSTIFY\"><span style=\"font-family: arial black,avant garde;\"><strong>\u00a03 &#8211; l\u2019existence d\u2019une poudrerie sur l\u2019Ile d\u2019Ouessant, dans laquelle Guillaume Seznec aurait travaill\u00e9 durant la p\u00e9riode de guerre, dans les ann\u00e9es 1916\/1917 ?<br \/>\n<\/strong><\/span><\/p>\n<p style=\"padding-left: 30px;\" align=\"JUSTIFY\"><span style=\"font-family: arial black,avant garde;\"><strong>\u00a04 &#8211; la pr\u00e9sence \u00e0 Morlaix, vers 1920, d\u2019une \u00ab\u00a0Belle H\u00e9l\u00e8ne\u00a0\u00bb, patronne d\u2019une conserverie et fr\u00e9quentant un Cercle Litt\u00e9raire local ?<br \/>\n<\/strong><\/span><\/p>\n<p style=\"padding-left: 30px;\" align=\"JUSTIFY\"><span style=\"font-family: arial black,avant garde;\"><strong>\u00a05 &#8211; l\u2019imposition de Pierre Qu\u00e9m\u00e9ner d\u2019une forte somme pour b\u00e9n\u00e9fices exceptionnels de guerre (1 \u00e0 2 millions annonc\u00e9s, selon les \u00e9crits ou les conf\u00e9rences) ?<br \/>\n<\/strong><\/span><\/p>\n<p style=\"padding-left: 30px;\" align=\"JUSTIFY\"><span style=\"font-family: arial black,avant garde;\"><strong>\u00a06 &#8211; le coup de t\u00e9l\u00e9phone donn\u00e9 par Pierre Qu\u00e9m\u00e9ner au restaurant d\u2019Houdan, \u00ab\u00a0le Plat d\u2019Etain\u00a0\u00bb ?<br \/>\n<\/strong><\/span><\/p>\n<p style=\"padding-left: 30px;\" align=\"JUSTIFY\"><span style=\"font-family: arial black,avant garde;\"><strong>\u00a07 &#8211; les liens (proches) de l\u2019abb\u00e9 Trochu avec la famille Qu\u00e9m\u00e9ner ?<br \/>\n<\/strong><\/span><\/p>\n<p style=\"padding-left: 30px;\" align=\"JUSTIFY\"><span style=\"font-family: arial black,avant garde;\"><strong>\u00a08 &#8211; le d\u00e9p\u00f4t et la mise en \u00e9vidence par le commissaire de Landerneau, Pinault, lors de la perquisition \u00e0 Kerabri, d\u2019un ouvrage d\u2019Alfred de Musset ?<br \/>\n<\/strong><\/span><\/p>\n<p style=\"padding-left: 30px;\" align=\"JUSTIFY\"><span style=\"font-family: arial black,avant garde;\"><strong>\u00a010 &#8211; la perte du cuirass\u00e9 Danton aux Dardanelles, en 1915 ?<br \/>\n<\/strong><\/span><\/p>\n<p style=\"padding-left: 30px;\" align=\"JUSTIFY\"><span style=\"font-family: arial black,avant garde;\"><strong>\u00a011 &#8211; les liens (tr\u00e8s) privil\u00e9gi\u00e9s entre Marie-Jeanne (Marc) et le procureur Picard, avant 1906 ?<br \/>\n<\/strong><\/span><\/p>\n<p style=\"padding-left: 30px;\" align=\"JUSTIFY\"><span style=\"font-family: arial black,avant garde;\"><strong>\u00a012 &#8211; le saut suicidaire &#8220;<em>dans la rivi\u00e8re qui traverse Morlaix<\/em>&#8221; (le Queffleuth?), en 1926, du procureur Picard. ?<br \/>\n<\/strong><\/span><\/p>\n<p style=\"padding-left: 30px;\" align=\"JUSTIFY\"><span style=\"font-family: arial black,avant garde;\"><strong>\u00a013 &#8211; la gr\u00e2ce accord\u00e9e \u00e0 Guillaume Seznec par le g\u00e9n\u00e9ral de Gaulle ?<br \/>\n<\/strong><\/span><\/p>\n<p style=\"padding-left: 30px;\" align=\"JUSTIFY\"><span style=\"font-family: arial black,avant garde;\"><strong>14 &#8211; l&#8217;activit\u00e9 d&#8217;une blanchisserie industrielle, tenue par Guillaume Seznec, \u00e0 Saint Pierre Quilbignon, en 1912 ?<br \/>\n<\/strong><\/span><\/p>\n<p style=\"padding-left: 30px;\" align=\"JUSTIFY\"><span style=\"font-family: arial black,avant garde;\"><strong>15 &#8211; le d\u00e9c\u00e8s en 1931 d&#8217;Emile Petitcolas, beau-fr\u00e8re de Guillaume Seznec ?<br \/>\n<\/strong><\/span><\/p>\n<p style=\"padding-left: 30px;\" align=\"JUSTIFY\"><span style=\"font-family: arial black,avant garde;\"><strong>16 &#8211; le nombre de convives au mariage de Guillaume Seznec (avec Marie-Jeanne), le 18 juillet 1906 (plus de 1500 personnes selon les \u00e9crits, une preuve pour 1000 personnes sera accept\u00e9e) ?<br \/>\n<\/strong><\/span><\/p>\n<p style=\"padding-left: 30px;\" align=\"JUSTIFY\"><span style=\"font-family: arial black,avant garde;\"><strong>17 &#8211; l&#8217;intention pour Pierre Qu\u00e9m\u00e9ner de briguer un mandat de d\u00e9put\u00e9 aux l\u00e9gislatives de 1924 ?<br \/>\n<\/strong><\/span><\/p>\n<p style=\"padding-left: 30px;\" align=\"JUSTIFY\"><span style=\"font-family: arial black,avant garde;\"><strong>18 &#8211; la pr\u00e9sence \u00e0 Morlaix, avant 1917, de Barth\u00e9l\u00e9my Spor ?<br \/>\n<\/strong><\/span><\/p>\n<p style=\"padding-left: 30px;\" align=\"JUSTIFY\"><span style=\"font-family: arial black,avant garde;\"><strong>19 &#8211; l&#8217;intervention en 1934, \u00e0 Chamonix, au chalet o\u00f9 r\u00e9sidait Stavisky, de l&#8217;inspecteur Le Gall, celui-l\u00e0 m\u00eame qui participa en juillet 1923 \u00e0 la perquisition \u00e0 la scierie de Morlaix, lors de laquelle sera d\u00e9couverte une machine \u00e0 \u00e9crire Royale 10 ?<br \/>\n<\/strong><\/span><\/p>\n<p style=\"padding-left: 30px;\" align=\"JUSTIFY\"><span style=\"font-family: arial black,avant garde;\"><strong>20 &#8211; l&#8217;affirmation par un t\u00e9moin, devant Claude Bal, qu&#8217;une tentative de passage en Espagne d&#8217;une centaine de cadillacs avait \u00e9chou\u00e9, les v\u00e9hicules auraient \u00e9t\u00e9 redirig\u00e9s vers la Belgique ?<br \/>\n<\/strong><\/span><\/p>\n<p style=\"padding-left: 30px;\" align=\"JUSTIFY\"><span style=\"font-family: arial black,avant garde;\"><strong>21 &#8211; le d\u00e9c\u00e8s, en 1991, de Claude Bal ?<br \/>\n<\/strong><\/span><\/p>\n<p style=\"padding-left: 30px;\" align=\"JUSTIFY\"><span style=\"font-family: arial black,avant garde;\"><strong>22 &#8211; le r\u00f4le primordial et d\u00e9terminant de Bonny lors de l&#8217;enqu\u00eate ?<br \/>\n<\/strong><\/span><\/p>\n<p style=\"padding-left: 30px;\" align=\"JUSTIFY\"><span style=\"font-family: arial black,avant garde;\"><strong>23 &#8211; les liens particuliers existant entre Alphonse Kern\u00e9 et Berthe Rallu ?<\/strong><\/span><\/p>\n<p style=\"padding-left: 30px;\" align=\"JUSTIFY\"><span style=\"font-family: arial black,avant garde;\"><strong>24 &#8211; le s\u00e9jour \u00e0 Chelles d&#8217;Alphonse Kern\u00e9 en juin 1923, chez sa m\u00e8re (prouvant de facto qu&#8217;elle y demeurait bien \u00e0 cette p\u00e9riode-l\u00e0) ?<\/strong><\/span><\/p>\n<p style=\"padding-left: 30px;\" align=\"JUSTIFY\"><span style=\"font-family: arial black,avant garde;\"><strong>25 &#8211; le t\u00e9moignage , en 1979, de Jourand de Tremens, ancien maire de Plourin les Morlaix ?<\/strong><\/span><\/p>\n","protected":false},"excerpt":{"rendered":"<p>[admission : 1 bonne r\u00e9ponse\/25 &#8211; mention &#8220;exactitude absolue&#8221; : 2 bonnes r\u00e9ponses\/25 ] [les questions se rapportent \u00e0 des affirmations lues dans des \u00e9crits (ouvrages, articles de presse) ou entendues dans des interventions (conf\u00e9rences, interviews), relatives au sujet &#8211; le d\u00e9lai pour r\u00e9pondre est au bon vouloir du candidat &#8211; toute aide, sans restriction, <a class=\"read-more\" href=\"https:\/\/affaire-cadiou-seznec.fr\/?p=127\">Read more<\/a><\/p>\n","protected":false},"author":1,"featured_media":0,"comment_status":"open","ping_status":"open","sticky":false,"template":"","format":"standard","meta":{"footnotes":""},"categories":[1],"tags":[],"class_list":["post-127","post","type-post","status-publish","format-standard","hentry","category-uncategorized","wpautop"],"_links":{"self":[{"href":"https:\/\/affaire-cadiou-seznec.fr\/index.php?rest_route=\/wp\/v2\/posts\/127","targetHints":{"allow":["GET"]}}],"collection":[{"href":"https:\/\/affaire-cadiou-seznec.fr\/index.php?rest_route=\/wp\/v2\/posts"}],"about":[{"href":"https:\/\/affaire-cadiou-seznec.fr\/index.php?rest_route=\/wp\/v2\/types\/post"}],"author":[{"embeddable":true,"href":"https:\/\/affaire-cadiou-seznec.fr\/index.php?rest_route=\/wp\/v2\/users\/1"}],"replies":[{"embeddable":true,"href":"https:\/\/affaire-cadiou-seznec.fr\/index.php?rest_route=%2Fwp%2Fv2%2Fcomments&post=127"}],"version-history":[{"count":0,"href":"https:\/\/affaire-cadiou-seznec.fr\/index.php?rest_route=\/wp\/v2\/posts\/127\/revisions"}],"wp:attachment":[{"href":"https:\/\/affaire-cadiou-seznec.fr\/index.php?rest_route=%2Fwp%2Fv2%2Fmedia&parent=127"}],"wp:term":[{"taxonomy":"category","embeddable":true,"href":"https:\/\/affaire-cadiou-seznec.fr\/index.php?rest_route=%2Fwp%2Fv2%2Fcategories&post=127"},{"taxonomy":"post_tag","embeddable":true,"href":"https:\/\/affaire-cadiou-seznec.fr\/index.php?rest_route=%2Fwp%2Fv2%2Ftags&post=127"}],"curies":[{"name":"wp","href":"https:\/\/api.w.org\/{rel}","templated":true}]}}