{"id":1377,"date":"2018-04-05T11:56:46","date_gmt":"2018-04-05T11:56:46","guid":{"rendered":"http:\/\/www.affaire-seznec.byethost22.com\/?p=1377"},"modified":"2018-04-07T12:43:32","modified_gmt":"2018-04-07T12:43:32","slug":"et-que-jtembrouille","status":"publish","type":"post","link":"https:\/\/affaire-cadiou-seznec.fr\/?p=1377","title":{"rendered":"&#8230; et que j&#8217;t&#8217;embrouille&#8230;"},"content":{"rendered":"<p style=\"text-align: justify;\">l&#8217;usage de pseudos sur internet n&#8217;est pas sans risque, et cela me contraint une sortie \u00e0 d\u00e9couvert pour apporter quelques pr\u00e9cisions &#8211; \u00e0 ma connaissance un individu est bien intervenu ces derni\u00e8res ann\u00e9es sur divers blogs et sites ayant trait \u00e0 l&#8217;Affaire Seznec, sous les pseudos &#8220;saintop&#8221;, &#8220;potnias&#8221;, &#8220;seznek&#8221; , &#8220;kadillak&#8221;&#8230; et ce m\u00eame individu a \u00e9chang\u00e9 par messagerie avec Mme Langellier &#8211; cet individu n&#8217;a jamais \u00e9t\u00e9 inscrit et n&#8217;est inscrit \u00e0 ce jour sur aucun r\u00e9seau social (facebook, twitter, instagram&#8230;) et ne peut donc correspondre \u00e0 la personne \u00e9voqu\u00e9e par Mme Langellier dans son article du 4 avril intitul\u00e9 &#8220;<em>l&#8217;affaire Seznec : les fils de Petit-Guillaume<\/em>&#8221; &#8211; cet individu a cess\u00e9 toute correspondance avec Mme Langellier, le dernier mail adress\u00e9 par lui \u00e0 cette personne date de plus de 3 ans (30 janvier 2015) &#8211; alors une banale &#8220;usurpation de pseudos&#8221; ou une confusion (in)volontaire histoire d&#8217;embrouiller les esprits et de contraindre a minima \u00e0 un d\u00e9menti ?<\/p>\n<p style=\"text-align: justify;\">L&#8217;affaire Seznec a connu son lot de bonimenteurs : Privat, Herv\u00e9, Bal, Denis Seznec&#8230; et \u00e0 la lecture de la prose actuelle propos\u00e9e sur le net, force est de constater que la liste n&#8217;est pas close &#8211; que sortira t-il de toutes ces inepties ? sans doute pas grand chose, sinon une connaissance approfondie des cand\u00e9labres, des fauteuils bretons et de la m\u00e9t\u00e9o \u00e0 Houdan vers le 20 mai 1923 &#8211; quant \u00e0 Pierre Qu\u00e9m\u00e9ner, il court toujours&#8230;.<\/p>\n<p style=\"text-align: justify;\">pour l&#8217;occasion ce site est r\u00e9activ\u00e9 &#8211; le restera t-il et conna\u00eetra t-il une seconde vie ? &#8230; myst\u00e8re<\/p>\n<p>&nbsp;<\/p>\n","protected":false},"excerpt":{"rendered":"<p>l&#8217;usage de pseudos sur internet n&#8217;est pas sans risque, et cela me contraint une sortie \u00e0 d\u00e9couvert pour apporter quelques pr\u00e9cisions &#8211; \u00e0 ma connaissance un individu est bien intervenu ces derni\u00e8res ann\u00e9es sur divers blogs et sites ayant trait \u00e0 l&#8217;Affaire Seznec, sous les pseudos &#8220;saintop&#8221;, &#8220;potnias&#8221;, &#8220;seznek&#8221; , &#8220;kadillak&#8221;&#8230; et ce m\u00eame individu <a class=\"read-more\" href=\"https:\/\/affaire-cadiou-seznec.fr\/?p=1377\">Read more<\/a><\/p>\n","protected":false},"author":1,"featured_media":0,"comment_status":"open","ping_status":"open","sticky":false,"template":"","format":"standard","meta":{"footnotes":""},"categories":[1],"tags":[],"class_list":["post-1377","post","type-post","status-publish","format-standard","hentry","category-uncategorized","wpautop"],"_links":{"self":[{"href":"https:\/\/affaire-cadiou-seznec.fr\/index.php?rest_route=\/wp\/v2\/posts\/1377","targetHints":{"allow":["GET"]}}],"collection":[{"href":"https:\/\/affaire-cadiou-seznec.fr\/index.php?rest_route=\/wp\/v2\/posts"}],"about":[{"href":"https:\/\/affaire-cadiou-seznec.fr\/index.php?rest_route=\/wp\/v2\/types\/post"}],"author":[{"embeddable":true,"href":"https:\/\/affaire-cadiou-seznec.fr\/index.php?rest_route=\/wp\/v2\/users\/1"}],"replies":[{"embeddable":true,"href":"https:\/\/affaire-cadiou-seznec.fr\/index.php?rest_route=%2Fwp%2Fv2%2Fcomments&post=1377"}],"version-history":[{"count":0,"href":"https:\/\/affaire-cadiou-seznec.fr\/index.php?rest_route=\/wp\/v2\/posts\/1377\/revisions"}],"wp:attachment":[{"href":"https:\/\/affaire-cadiou-seznec.fr\/index.php?rest_route=%2Fwp%2Fv2%2Fmedia&parent=1377"}],"wp:term":[{"taxonomy":"category","embeddable":true,"href":"https:\/\/affaire-cadiou-seznec.fr\/index.php?rest_route=%2Fwp%2Fv2%2Fcategories&post=1377"},{"taxonomy":"post_tag","embeddable":true,"href":"https:\/\/affaire-cadiou-seznec.fr\/index.php?rest_route=%2Fwp%2Fv2%2Ftags&post=1377"}],"curies":[{"name":"wp","href":"https:\/\/api.w.org\/{rel}","templated":true}]}}