{"id":1415,"date":"2018-04-07T17:39:13","date_gmt":"2018-04-07T17:39:13","guid":{"rendered":"http:\/\/www.affaire-seznec.byethost22.com\/?p=1415"},"modified":"2018-04-08T08:32:50","modified_gmt":"2018-04-08T08:32:50","slug":"verite-de-petit-guillaume-de-fils","status":"publish","type":"post","link":"https:\/\/affaire-cadiou-seznec.fr\/?p=1415","title":{"rendered":"la &#8220;v\u00e9rit\u00e9&#8221; de Petit-Guillaume et de ses fils"},"content":{"rendered":"<p style=\"text-align: justify;\">Ce blog ayant \u00e9t\u00e9 r\u00e9activ\u00e9 &#8220;\u00e0 son insu de son plein gr\u00e9&#8221;, profitons-en pour deviser calmement sur le sujet qui enflamme quelques esprits blind\u00e9s de certitudes. L&#8217;affaire Seznec, depuis 1923, revient r\u00e9guli\u00e8rement au-devant de la sc\u00e8ne (1926, 1930-32, 2004-2006&#8230;) mais en final, les &#8220;experts&#8221; s&#8217;\u00e9puisent, les pol\u00e9miques se d\u00e9gonflent, le procureur prend des vacances&#8230;\u00a0 mais le sujet reste entier, retour \u00e0 la case d\u00e9part.<\/p>\n<p style=\"text-align: justify;\">Pr\u00e8s de cent ans apr\u00e8s la disparition de Pierre Qu\u00e9m\u00e9ner, il est peut-\u00eatre temps de penser &#8220;histoire&#8221; plut\u00f4t que &#8220;justice&#8221;. S&#8217;en tenir aux faits devrait \u00eatre la r\u00e8gle pour tous. Que les familles concern\u00e9es y d\u00e9rogent ne me para\u00eet pas scandaleux, de m\u00eame on peut parfaitement comprendre la d\u00e9marche d&#8217;un avocat s&#8217;employant ardemment \u00e0 la d\u00e9fense de son (ancien) client. Ceci \u00e9tant dit, voyons objectivement de quoi il est question dans le d\u00e9bat actuel, penchons-nous sur ce t\u00e9moignage de Petit-Guillaume, source de tant d&#8217;inepties lues ici et l\u00e0.<\/p>\n<p style=\"text-align: justify;\">Dans son ouvrage &#8220;Pour en finir avec l&#8217;affaire Seznec&#8221;, Denis Langlois nous donne la transcription du t\u00e9moignage enregistr\u00e9 du fils de Guillaume Seznec (pp 210-217). Cela se passe le 25 janvier 1978, soit cinquante-cinq apr\u00e8s les faits. Le t\u00e9moin racontant l&#8217;agression de sa m\u00e8re, nous rapporte des propos entendus par lui&#8230;<\/p>\n<p style=\"text-align: justify;\">D&#8217;une part, au moment de l&#8217;agression :<\/p>\n<p style=\"padding-left: 30px; text-align: justify;\"><em>&#8220;- Elle disait : Ah! non, Pierre, pas vous, non!&#8221; &#8211; Et puis : Laissez-moi tranquille ou j&#8217;appelle&#8221;&#8230;\u00a0<\/em><\/p>\n<p style=\"text-align: justify;\">Puis, Guillaume de retour de son voyage, d\u00e9couvrant la sc\u00e8ne :<\/p>\n<p style=\"padding-left: 30px; text-align: justify;\"><em>&#8220;On est ruin\u00e9s, on est ruin\u00e9s. Tout l&#8217;argent qu&#8217;on lui a donn\u00e9, on n&#8217;en reverra jamais la couleur.&#8221;<\/em><\/p>\n<p style=\"text-align: justify;\">Ce sont sont l\u00e0 les seules phrases dont se souvient Petit-Guillaume, tout le reste n&#8217;est que souvenirs, commentaires et interpr\u00e9tations par lui de cette journ\u00e9e et des d\u00e9veloppements de l&#8217;affaire.<\/p>\n<p style=\"text-align: justify;\">Ainsi, il se souvient : d&#8217;\u00eatre mont\u00e9 sur le bord de la fen\u00eatre et d&#8217;avoir assist\u00e9 \u00e0 la sc\u00e8ne, de voir A. Labigou pr\u00e9sente dans la pi\u00e8ce, d&#8217;avoir vu un cand\u00e9labre &#8220;de traviole&#8221;, que cela se passait en fin de matin\u00e9e, que son p\u00e8re est arriv\u00e9 dans le courant de l&#8217;apr\u00e8s-midi, qu&#8217;on leur a fait pr\u00eat\u00e9 serment de ne rien dire (\u00e0 lui et \u00e0 Ang\u00e8le), qu&#8217;il a \u00e9t\u00e9 reconduit au coll\u00e8ge&#8230;<\/p>\n<p style=\"text-align: justify;\">Il se souvient aussi : d&#8217;avoir vu des travaux \u00e0 Traon-Velin sans se rappeler de la date, d&#8217;avoir entendu parler d&#8217;\u00e9changes tendus entre sa m\u00e8re et la police&#8230;<\/p>\n<p style=\"text-align: justify;\">Il parle d&#8217;une somme de 700000 francs \u00e9conomis\u00e9e par ses parents&#8230; &#8211; il commente l&#8217;ambiance familiale en \u00e9voquant Jeanne (sa soeur), Denis (son neveu) ainsi que son p\u00e8re &#8211; il nous donne son opinion sur des d\u00e9fenseurs de la cause, notamment Bal et Herv\u00e9 &#8211; et il termine sur un sujet qu&#8217;il peine \u00e0 dig\u00e9rer, celui des faux, r\u00e9alis\u00e9s selon lui par d\u00e9faut.<\/p>\n<p style=\"text-align: justify;\">Dans tout ce fatras, il y a des \u00e9l\u00e9ments tr\u00e8s discutables parce que faux et qui rendent l&#8217;ensemble du t\u00e9moignage peu cr\u00e9dible.<\/p>\n<p style=\"text-align: justify;\">Tout d&#8217;abord, il y a le retour de Guillaume Seznec le dimanche apr\u00e8s-midi alors qu&#8217;\u00e0 ce moment-l\u00e0 il se trouve du c\u00f4t\u00e9 de Rennes &#8211; rappelons qu&#8217;\u00e0 l&#8217;aller il lui a fallu 8 heures pour faire Morlaix-Rennes. Donc, pas possible&#8230; sauf si on avance d&#8217;un dimanche (on n&#8217;est plus \u00e0 \u00e7a pr\u00e8s), mais dans ce cas, pour cause de lundi de Pentec\u00f4te, l&#8217;\u00e9colier Petit-Guillaume ne rentre pas d\u00eener au pensionnat&#8230; et \u00e7a colle donc pas non plus avec son t\u00e9moignage<\/p>\n<p style=\"text-align: justify;\">Improbable que la sc\u00e8ne telle que d\u00e9crite par Petit-Guillaume conduise sa m\u00e8re \u00e0 s&#8217;exprimer devant Pierre Qu\u00e9m\u00e9ner en fran\u00e7ais; jusque dans les ann\u00e9es soixante, un tel fait bruyant entre deux bretonnants, qui plus est, susceptible d&#8217;\u00eatre entendu par des enfants, ne peut se produire qu&#8217;en breton&#8230; je ne demande qu&#8217;\u00e0 \u00eatre contredit, mais cela ne va pas \u00eatre simple&#8230;<\/p>\n<p style=\"text-align: justify;\">Le couplet sur le juge Herv\u00e9 est d&#8217;une b\u00eatise abyssale et discr\u00e9dite \u00e0 lui seul l&#8217;ensemble du t\u00e9moignage. Les propos tenus sont odieux, diffamatoires et portent atteinte \u00e0 la respectabilit\u00e9 de la famille de Charles-Victor Herv\u00e9. Ce dernier n&#8217;a jamais \u00e9t\u00e9 espion ou chef-espion pendant la grande guerre, je ne sais qui est \u00e0 l&#8217;origine de cette idiotie, mais lorsqu&#8217;on la r\u00e9p\u00e8te et qu&#8217;on insiste en claironnant que cette personne pendant cet \u00e9pisode a martyris\u00e9 et tu\u00e9, on place tr\u00e8s loin le curseur de la calomnie.<\/p>\n<p style=\"text-align: justify;\">Vous l&#8217;avez sans doute compris, je n&#8217;accorde aucun cr\u00e9dit au t\u00e9moignage de Petit-Guillaume et si d&#8217;aventure traces du Pierrot il y avait dans les scories de Traon-Velin, convaincre du coup fatal du cand\u00e9labre, du canap\u00e9 ou du fauteuil breton ne va pas \u00eatre une partie de plaisir&#8230; \u00e0 moins que les sp\u00e9cialistes du Texas et d&#8217;Eure et Loir conjuguent leurs efforts pour y arriver&#8230;<\/p>\n<p style=\"text-align: justify;\">Pour ce qui est des d\u00e9veloppements en long, en large et en travers sur un possible deuxi\u00e8me voyage Morlaix-Paris-Morlaix par Guillaume Seznec, on d\u00e9passe all\u00e8grement tout ce qui a \u00e9t\u00e9 \u00e9crit de surr\u00e9aliste sur cette affaire. La manipulation est quand m\u00eame os\u00e9e et grossi\u00e8re : on gomme d&#8217;un revers de main toute une s\u00e9rie de t\u00e9moins (du dentiste Coquelin aux serveuses du Plat d&#8217;Etain) pour ne garder qu&#8217;un t\u00e9moin &#8220;fiable&#8221; : Petit-Guillaume, et \u00e0 partir de l\u00e0 on \u00e9chafaude tout un programme \u00e9reintant pour le p\u00e8re Guillaume&#8230; et pour sa torp\u00e9do.<\/p>\n<p style=\"text-align: justify;\">Au fait, est-on si s\u00fbr de l&#8217;absence de toute preuve de la survie de Pierrot apr\u00e8s les f\u00eates de la Pentec\u00f4te ? &#8211; quelle cr\u00e9dit accorde t-on au t\u00e9l\u00e9gramme transmis par lui \u00e0 Jean Pouliquen, \u00e0 la poste de Rennes, le 24 mai au soir (\u00e0 21 h. nous pr\u00e9cise le document) ? &#8211; sans doute encore un faux, n&#8217;est-ce-pas ?\u00a0 &#8211; toujours est-il que ce &#8220;faux&#8221; est consultable dans le dossier de proc\u00e9dure criminelle, mais doit-on accorder une quelconque importance \u00e0 tout cela alors que les archives am\u00e9ricaines regorgent de renseignements de premi\u00e8re bourre sur toute l&#8217;affaire ?<\/p>\n<p><em>[ci-dessous, voir \u00e0 3&#8242; 04&#8243;, passer plein \u00e9cran pour \u00e9viter pub\/INA]<\/em><\/p>\n<p><iframe loading=\"lazy\" src=\"https:\/\/player.ina.fr\/player\/embed\/CAF88047243\/1\/1b0bd203fbcd702f9bc9b10ac3d0fc21\/460\/259\/1\" width=\"460\" height=\"259\" frameborder=\"0\" marginwidth=\"0\" marginheight=\"0\" scrolling=\"no\" allowfullscreen=\"allowfullscreen\"><\/iframe><\/p>\n","protected":false},"excerpt":{"rendered":"<p>Ce blog ayant \u00e9t\u00e9 r\u00e9activ\u00e9 &#8220;\u00e0 son insu de son plein gr\u00e9&#8221;, profitons-en pour deviser calmement sur le sujet qui enflamme quelques esprits blind\u00e9s de certitudes. L&#8217;affaire Seznec, depuis 1923, revient r\u00e9guli\u00e8rement au-devant de la sc\u00e8ne (1926, 1930-32, 2004-2006&#8230;) mais en final, les &#8220;experts&#8221; s&#8217;\u00e9puisent, les pol\u00e9miques se d\u00e9gonflent, le procureur prend des vacances&#8230;\u00a0 mais <a class=\"read-more\" href=\"https:\/\/affaire-cadiou-seznec.fr\/?p=1415\">Read more<\/a><\/p>\n","protected":false},"author":1,"featured_media":0,"comment_status":"open","ping_status":"open","sticky":false,"template":"","format":"standard","meta":{"footnotes":""},"categories":[1],"tags":[],"class_list":["post-1415","post","type-post","status-publish","format-standard","hentry","category-uncategorized","wpautop"],"_links":{"self":[{"href":"https:\/\/affaire-cadiou-seznec.fr\/index.php?rest_route=\/wp\/v2\/posts\/1415","targetHints":{"allow":["GET"]}}],"collection":[{"href":"https:\/\/affaire-cadiou-seznec.fr\/index.php?rest_route=\/wp\/v2\/posts"}],"about":[{"href":"https:\/\/affaire-cadiou-seznec.fr\/index.php?rest_route=\/wp\/v2\/types\/post"}],"author":[{"embeddable":true,"href":"https:\/\/affaire-cadiou-seznec.fr\/index.php?rest_route=\/wp\/v2\/users\/1"}],"replies":[{"embeddable":true,"href":"https:\/\/affaire-cadiou-seznec.fr\/index.php?rest_route=%2Fwp%2Fv2%2Fcomments&post=1415"}],"version-history":[{"count":0,"href":"https:\/\/affaire-cadiou-seznec.fr\/index.php?rest_route=\/wp\/v2\/posts\/1415\/revisions"}],"wp:attachment":[{"href":"https:\/\/affaire-cadiou-seznec.fr\/index.php?rest_route=%2Fwp%2Fv2%2Fmedia&parent=1415"}],"wp:term":[{"taxonomy":"category","embeddable":true,"href":"https:\/\/affaire-cadiou-seznec.fr\/index.php?rest_route=%2Fwp%2Fv2%2Fcategories&post=1415"},{"taxonomy":"post_tag","embeddable":true,"href":"https:\/\/affaire-cadiou-seznec.fr\/index.php?rest_route=%2Fwp%2Fv2%2Ftags&post=1415"}],"curies":[{"name":"wp","href":"https:\/\/api.w.org\/{rel}","templated":true}]}}