{"id":1459,"date":"2018-05-07T19:34:51","date_gmt":"2018-05-07T19:34:51","guid":{"rendered":"http:\/\/www.affaire-seznec.byethost22.com\/?p=1459"},"modified":"2018-05-07T19:34:51","modified_gmt":"2018-05-07T19:34:51","slug":"benediction-de-leveque","status":"publish","type":"post","link":"https:\/\/affaire-cadiou-seznec.fr\/?p=1459","title":{"rendered":"Avec la b\u00e9n\u00e9diction de l&#8217;\u00e9v\u00eaque&#8230;"},"content":{"rendered":"<p style=\"text-align: justify;\">Pas vu l&#8217;\u00e9pilogue promis&#8230; et vous ? Nous voici donc revenus au 26 mai 1923, sans nouvelle aucune de Pierrot. La situation \u00e0 force de clarifications tous azimuts devient tr\u00e8s embrouill\u00e9e. Le t\u00e9moignage de Petit-Guillaume s&#8217;enrichit de nouvelles pr\u00e9cisions, possible que les arri\u00e8res-petits-enfants en remettent une couche avec intervention discr\u00e8te du pape. Juristes et historiens qui suivent les p\u00e9rip\u00e9ties m\u00e9diatiques de cette histoire doivent quand m\u00eame se dire qu&#8217;on est tomb\u00e9 bien bas. Quelle sera l&#8217;issue de tout ce battage ? &#8211; De nouvelles fouilles \u00e0 Traon-ar-Vilin ou \u00e0 Plourivo, ou dans la campagne morlaisienne ? A vrai dire, je pense que tout cela va bien finir par se d\u00e9gonfler et que chacun retrouvera ses esprits. Je ne vois pas bien ce que viennent faire la pol\u00e9mique, l&#8217;invective et l&#8217;injure. Un peu d&#8217;autod\u00e9rision chez les &#8220;experts&#8221; de l&#8217;affaire ne serait pas du luxe, j&#8217;ai m\u00eame lu qu&#8217;un &#8220;torchon de blog haineux&#8221; se permettait de commenter&#8230; fichtre ! diantre ! quelle outrecuidance, de quoi se m\u00eale t-il ? Et je me suis pos\u00e9 la question : quel est donc ce blog qui manque ainsi d&#8217;\u00e9ducation ? Si vous avez une p&#8217;tite id\u00e9e, fa\u00eetes-moi signe&#8230;<\/p>\n<p style=\"text-align: justify;\">Force est de constater que cela vole encore tr\u00e8s bas ce jour, \u00e0 en devenir vraiment lassant. Prof\u00e9rer des le\u00e7ons de journalisme et de d\u00e9ontologie \u00e0 la terre enti\u00e8re en s&#8217;asseyant dessus, c&#8217;est pas brillant, faire de la psychologie de comptoir ne l&#8217;est pas davantage. Dans le camp d&#8217;en face, user de proc\u00e9d\u00e9s abjects afin de d\u00e9stabiliser son opposant(e), n&#8217;est gu\u00e8re plus glorieux. Ainsi va la vie de nos sp\u00e9cialistes de cette affaire judiciaire presque centenaire. Comique et honteux \u00e0 la fois.<\/p>\n<p style=\"text-align: justify;\">A ce stade, le mieux est de prendre du recul et de continuer patiemment \u00e0 s&#8217;int\u00e9resser \u00e0 l&#8217;affaire par le canal des \u00e9changes, des lectures et de la consultation d&#8217;archives. A ce jour, je n&#8217;ai jamais vu des gens s&#8217;\u00e9charper dans une salle d&#8217;archives, cela me convient tr\u00e8s bien.<\/p>\n","protected":false},"excerpt":{"rendered":"<p>Pas vu l&#8217;\u00e9pilogue promis&#8230; et vous ? Nous voici donc revenus au 26 mai 1923, sans nouvelle aucune de Pierrot. La situation \u00e0 force de clarifications tous azimuts devient tr\u00e8s embrouill\u00e9e. Le t\u00e9moignage de Petit-Guillaume s&#8217;enrichit de nouvelles pr\u00e9cisions, possible que les arri\u00e8res-petits-enfants en remettent une couche avec intervention discr\u00e8te du pape. Juristes et historiens <a class=\"read-more\" href=\"https:\/\/affaire-cadiou-seznec.fr\/?p=1459\">Read more<\/a><\/p>\n","protected":false},"author":1,"featured_media":0,"comment_status":"open","ping_status":"open","sticky":false,"template":"","format":"standard","meta":{"footnotes":""},"categories":[1],"tags":[],"class_list":["post-1459","post","type-post","status-publish","format-standard","hentry","category-uncategorized","wpautop"],"_links":{"self":[{"href":"https:\/\/affaire-cadiou-seznec.fr\/index.php?rest_route=\/wp\/v2\/posts\/1459","targetHints":{"allow":["GET"]}}],"collection":[{"href":"https:\/\/affaire-cadiou-seznec.fr\/index.php?rest_route=\/wp\/v2\/posts"}],"about":[{"href":"https:\/\/affaire-cadiou-seznec.fr\/index.php?rest_route=\/wp\/v2\/types\/post"}],"author":[{"embeddable":true,"href":"https:\/\/affaire-cadiou-seznec.fr\/index.php?rest_route=\/wp\/v2\/users\/1"}],"replies":[{"embeddable":true,"href":"https:\/\/affaire-cadiou-seznec.fr\/index.php?rest_route=%2Fwp%2Fv2%2Fcomments&post=1459"}],"version-history":[{"count":0,"href":"https:\/\/affaire-cadiou-seznec.fr\/index.php?rest_route=\/wp\/v2\/posts\/1459\/revisions"}],"wp:attachment":[{"href":"https:\/\/affaire-cadiou-seznec.fr\/index.php?rest_route=%2Fwp%2Fv2%2Fmedia&parent=1459"}],"wp:term":[{"taxonomy":"category","embeddable":true,"href":"https:\/\/affaire-cadiou-seznec.fr\/index.php?rest_route=%2Fwp%2Fv2%2Fcategories&post=1459"},{"taxonomy":"post_tag","embeddable":true,"href":"https:\/\/affaire-cadiou-seznec.fr\/index.php?rest_route=%2Fwp%2Fv2%2Ftags&post=1459"}],"curies":[{"name":"wp","href":"https:\/\/api.w.org\/{rel}","templated":true}]}}