{"id":1467,"date":"2018-05-08T15:02:07","date_gmt":"2018-05-08T15:02:07","guid":{"rendered":"http:\/\/www.affaire-seznec.byethost22.com\/?p=1467"},"modified":"2018-05-08T15:02:07","modified_gmt":"2018-05-08T15:02:07","slug":"temoignage-petit-guillaume-suite-fin","status":"publish","type":"post","link":"https:\/\/affaire-cadiou-seznec.fr\/?p=1467","title":{"rendered":"t\u00e9moignage Petit-Guillaume suite&#8230; et fin ?"},"content":{"rendered":"<p style=\"text-align: justify;\">Ce jour, Denis Langlois propose aux lecteurs de son blog, la transcription compl\u00e8te du t\u00e9moignage de Petit-Guillaume enregistr\u00e9 par Bernard Le Her. Avoir l&#8217;int\u00e9gralit\u00e9 de ce t\u00e9moignage est int\u00e9ressant afin de mieux le comprendre. Mon point de vue n&#8217;a gu\u00e8re vari\u00e9, bien au contraire. Sur un point cependant, je me dois de minimiser ma critique : Petit-Guillaume pr\u00e9cise que ses parents parlaient quotidiennement en breton : <em>&#8220;Il disait \u00e7a en breton, puisqu&#8217;il parlait toujours breton&#8221;<\/em> &#8211; et qu&#8217;il comprenait : &#8220;<em>L\u00e0 je comprenais. On comprenait \u00e0 peu pr\u00e8s tous quand on \u00e9tait petit&#8221;<\/em>. Dont acte.<\/p>\n<p style=\"text-align: justify;\">Pour le reste, le flou s&#8217;\u00e9paissit, ainsi sur la pr\u00e9sence en ce dimanche de son p\u00e8re Guillaume, il nous dit : <em>&#8220;Il est pass\u00e9 le matin, et il est venu l&#8217;apr\u00e8s-midi&#8221;<\/em> &#8211; or, les faits d\u00e9montrent que c&#8217;est impossible. Il indique qu&#8217;il \u00e9tait pr\u00e9vu qu&#8217;il accompagne son p\u00e8re \u00e0 Paris, mais que le directeur de l&#8217;\u00e9cole s&#8217;y est oppos\u00e9. Il confirme qu&#8217;il a \u00e9t\u00e9 absent tout le temps de l&#8217;enqu\u00eate mais, curieusement, il se souvient d&#8217;une conversation orageuse entre sa m\u00e8re et des policiers. Il affirme \u00e9galement que c&#8217;est Guillaume Seznec qui a pris l&#8217;initiative de s&#8217;inqui\u00e9ter de l&#8217;absence de Qu\u00e9m\u00e9ner aupr\u00e8s de sa famille : <em>&#8220;C&#8217;est lui qui a \u00e9t\u00e9 voir la famille Qu\u00e9m\u00e9ner pour lui demander qu&#8217;est-ce qu&#8217;il devient&#8221;<\/em>. Rien dans les faits ne confirme tous ces propos.<\/p>\n<p style=\"text-align: justify;\">Dans ce t\u00e9moignage, il y a trop d&#8217;\u00e9l\u00e9ments invraisemblables ou contredits par les faits pour le consid\u00e9rer comme cr\u00e9dible. Pour ma part, je consid\u00e8re qu&#8217;il est grand temps de s&#8217;en tenir aux faits et uniquement aux faits, la justice a tout \u00e0 y gagner, il lui faut pour cela faire preuve de patience et de clairvoyance. Les emballements m\u00e9diatiques actuels sont stupides et sans int\u00e9r\u00eat.<\/p>\n<p style=\"text-align: justify;\">Mon opinion sur ce t\u00e9moignage est claire, elle n&#8217;entache en rien les bonnes relations que j&#8217;entretiens avec Denis Langlois. Je suis navr\u00e9 d&#8217;avoir \u00e0 le pr\u00e9ciser, mais par les temps qui courent je pr\u00e9f\u00e8re que ce soit dit.<\/p>\n","protected":false},"excerpt":{"rendered":"<p>Ce jour, Denis Langlois propose aux lecteurs de son blog, la transcription compl\u00e8te du t\u00e9moignage de Petit-Guillaume enregistr\u00e9 par Bernard Le Her. Avoir l&#8217;int\u00e9gralit\u00e9 de ce t\u00e9moignage est int\u00e9ressant afin de mieux le comprendre. Mon point de vue n&#8217;a gu\u00e8re vari\u00e9, bien au contraire. Sur un point cependant, je me dois de minimiser ma critique <a class=\"read-more\" href=\"https:\/\/affaire-cadiou-seznec.fr\/?p=1467\">Read more<\/a><\/p>\n","protected":false},"author":1,"featured_media":0,"comment_status":"open","ping_status":"open","sticky":false,"template":"","format":"standard","meta":{"footnotes":""},"categories":[1],"tags":[],"class_list":["post-1467","post","type-post","status-publish","format-standard","hentry","category-uncategorized","wpautop"],"_links":{"self":[{"href":"https:\/\/affaire-cadiou-seznec.fr\/index.php?rest_route=\/wp\/v2\/posts\/1467","targetHints":{"allow":["GET"]}}],"collection":[{"href":"https:\/\/affaire-cadiou-seznec.fr\/index.php?rest_route=\/wp\/v2\/posts"}],"about":[{"href":"https:\/\/affaire-cadiou-seznec.fr\/index.php?rest_route=\/wp\/v2\/types\/post"}],"author":[{"embeddable":true,"href":"https:\/\/affaire-cadiou-seznec.fr\/index.php?rest_route=\/wp\/v2\/users\/1"}],"replies":[{"embeddable":true,"href":"https:\/\/affaire-cadiou-seznec.fr\/index.php?rest_route=%2Fwp%2Fv2%2Fcomments&post=1467"}],"version-history":[{"count":0,"href":"https:\/\/affaire-cadiou-seznec.fr\/index.php?rest_route=\/wp\/v2\/posts\/1467\/revisions"}],"wp:attachment":[{"href":"https:\/\/affaire-cadiou-seznec.fr\/index.php?rest_route=%2Fwp%2Fv2%2Fmedia&parent=1467"}],"wp:term":[{"taxonomy":"category","embeddable":true,"href":"https:\/\/affaire-cadiou-seznec.fr\/index.php?rest_route=%2Fwp%2Fv2%2Fcategories&post=1467"},{"taxonomy":"post_tag","embeddable":true,"href":"https:\/\/affaire-cadiou-seznec.fr\/index.php?rest_route=%2Fwp%2Fv2%2Ftags&post=1467"}],"curies":[{"name":"wp","href":"https:\/\/api.w.org\/{rel}","templated":true}]}}