{"id":1471,"date":"2018-05-25T20:37:48","date_gmt":"2018-05-25T20:37:48","guid":{"rendered":"http:\/\/www.affaire-seznec.byethost22.com\/?p=1471"},"modified":"2018-05-26T16:27:30","modified_gmt":"2018-05-26T16:27:30","slug":"c-h-herve-petit-guillaume-betise-devient-indecente","status":"publish","type":"post","link":"https:\/\/affaire-cadiou-seznec.fr\/?p=1471","title":{"rendered":"C.-H. Herv\u00e9 par Petit-Guillaume : quand la b\u00eatise devient ind\u00e9cente&#8230;"},"content":{"rendered":"<p style=\"text-align: justify;\"><em>pr\u00e9ambule : ce qui suit ne souffre d&#8217;aucune ambigu\u00eft\u00e9, or sur un certain blog, une certaine &#8220;journaliste culturelle&#8221; prolixe y trouve mati\u00e8re \u00e0 interpr\u00e9tation curieuse. En aucun cas, je ne conteste \u00e0 qui que ce soit d&#8217;avoir une opinion critique envers Charles-Victor Herv\u00e9 et d&#8217;ailleurs je ne m&#8217;en suis jamais priv\u00e9, par contre je maintiens que certains propos tenus \u00e0 son sujet, par Petit-Guillaume, retranscrits par Denis Langlois, sont odieux et diffamatoires. Ce n&#8217;est pas tout \u00e0 fait la m\u00eame chose. Ceci \u00e9tant, je n&#8217;ai gu\u00e8re l&#8217;intention de me lancer dans une discussion vaine et st\u00e9rile sur ce point avec la &#8220;romanci\u00e8re&#8221; sus-vis\u00e9e. Ecrire ces quelques lignes de mise au point me co\u00fbtent d\u00e9j\u00e0 beaucoup et comme dirait l&#8217;autre&#8230; j&#8217;ai d\u00e9j\u00e0 donn\u00e9 et suis d\u00e9finitivement vaccin\u00e9.<\/em><\/p>\n<p style=\"text-align: justify;\">D\u00e9sol\u00e9 de revenir sur la toute fin du t\u00e9moignage enregistr\u00e9 de Petit-Guillaume, mais autant j&#8217;ai pu critiquer le juge Herv\u00e9 dans sa d\u00e9fense rocambolesque de Guillaume Seznec, autant il m&#8217;est difficile de laisser passer les affirmations odieuses de Petit-Guillaume \u00e0 son encontre sans r\u00e9agir en donnant quelques \u00e9l\u00e9ments d&#8217;informations. En fait, la v\u00e9rit\u00e9 de Petit-Guillaume est insaisissable tant elle est contredite par les faits. Qu&#8217;elle soit r\u00e9p\u00e9t\u00e9e, r\u00e9interpr\u00e9t\u00e9e par ses enfants ne change rien \u00e0 l&#8217;affaire. On a l\u00e0 un t\u00e9moignage isol\u00e9 peu fiable et donc contestable.<\/p>\n<p style=\"text-align: justify;\">Venons donc au sujet qui f\u00e2che, c&#8217;est-\u00e0-dire la diatribe sur le juge Herv\u00e9 qui \u00e0 ce jour, me semble t-il, n&#8217;a \u00e9mu personne. Tous les auteurs sans exception depuis les ann\u00e9es 1930, nous l&#8217;ont pr\u00e9sent\u00e9 comme responsable du contre-espionnage durant la grande guerre, sauf erreur de ma part on attend toujours le premier document allant en ce sens. Petit-Guillaume ne se contente pas d&#8217;une ni\u00e8me r\u00e9p\u00e9tition du postulat, il nous dit :<\/p>\n<p style=\"text-align: justify; padding-left: 30px;\"><em>&#8220;Le juge Herv\u00e9 ? C&#8217;\u00e9tait une fripouille et un dingue. Il m&#8217;a racont\u00e9 ce qu&#8217;il faisait pendant la guerre. Il faisait partie du 2e bureau. Il m&#8217;a dit comment il martyrisait les types, comment il les tuait et il disait : &#8220;Ils \u00e9taient innocents autant que n&#8217;importe qui, \u00e7a ne fait rien, on s&#8217;amusait avec&#8230;&#8221; Et lui, il \u00e9tait convaincu de la culpabilit\u00e9 de mon p\u00e8re. Il l&#8217;a dit \u00e0 ton p\u00e8re, \u00e0 Le Her. Il lui a dit : &#8220;On n&#8217;a qu&#8217;\u00e0 me laisser\u00a0 Seznec pendant un quart d&#8217;heure, je le ferai avouer.&#8221;<\/em><\/p>\n<p style=\"text-align: justify;\">Petit-Guillaume, visiblement, n&#8217;a pas \u00e9t\u00e9 inform\u00e9 qu&#8217;au retour de Guillaume Seznec en Bretagne en 1947, Herv\u00e9 a eu l&#8217;occasion de le recevoir\u00a0 dans son manoir de Kerjoly, accompagn\u00e9 de Mme Bosser, et ce plus d&#8217;un quart d&#8217;heure. On peut les voir dans une vid\u00e9o de l&#8217;INA. Personne parmi\u00a0 les commentateurs z\u00e9l\u00e9s n&#8217;a trouv\u00e9 utile de relever ce passage qui en dit long sur les dires &#8220;vrais&#8221; de Petit-Guillaume. Mais l\u00e0 n&#8217;est pas l&#8217;essentiel, il y a pire.<\/p>\n<p style=\"text-align: justify;\">On peut s&#8217;\u00e9tonner que la famille de Charles-Victor Herv\u00e9 n&#8217;ait pas r\u00e9agi aux calomnies d\u00e9vers\u00e9es sur lui. Aucune r\u00e9action non plus \u00e0 cette id\u00e9e r\u00e9pandue qu&#8217;il aurait \u00e9t\u00e9 responsable du contre-espionnage pendant la guerre. D&#8217;o\u00f9 vient ce fake news et \u00e0 quel dessein ? Myst\u00e8re. Toujours est-il que d\u00e9mentir cette fausse information \u00e9tait ais\u00e9, mais c&#8217;\u00e9tait probablement ouvrir une br\u00e8che dans un pass\u00e9 personnel et familial tr\u00e8s douloureux, trop douloureux sans doute.<\/p>\n<p style=\"text-align: justify;\">Prenons les choses dans l&#8217;ordre. Charles-Victor Herv\u00e9 na\u00eet \u00e0 Pluzunet (C\u00f4tes d&#8217;Armor)\u00a0 le 31 ao\u00fbt 1892, ses parents sont tous deux instituteurs. Le jeune Herv\u00e9, boursier d\u00e9partemental, entre en apprentissage, il sera m\u00e9canicien dans la marine. Le 19 novembre 1908, \u00e0 16 ans, il est engag\u00e9 volontaire \u00e0 la mairie de Lorient, il est renvoy\u00e9 dans ses foyers le 31 octobre 1909, r\u00e9form\u00e9 pour tuberculose pulmonaire. A cela, vient s&#8217;ajouter la perte partielle de la mobilit\u00e9 d&#8217;un bras, due \u00e0 un accident d&#8217;atelier. A la mobilisation de 1914, il est incorpor\u00e9 le 18 septembre et, la m\u00eame cause produisant le m\u00eame effet, il est r\u00e9form\u00e9 le 18 d\u00e9cembre 1914 par la commission de r\u00e9forme de Vitr\u00e9. Charles-Victor Herv\u00e9, le &#8220;preux&#8221; selon un bon mot suppos\u00e9 de Cl\u00e9menceau et r\u00e9p\u00e9t\u00e9 \u00e0 l&#8217;envie, a effectu\u00e9 en tout et pour tout 3 mois de service militaire contre l&#8217;Allemagne. Et \u00e0 ce jour, Denis Seznec et d&#8217;autres r\u00e9p\u00e8tent inlassablement qu&#8217;il a des \u00e9tats de services longs comme le bras dans le service du contre-espionnage. Cherchez l&#8217;erreur.<\/p>\n<p style=\"text-align: justify;\">Faire carri\u00e8re dans la marine \u00e9tait le souhait du jeune Charles-Victor, celle-ci ne voulant pas de lui, il devra se satisfaire d&#8217;un poste d&#8217;employ\u00e9 de bureau \u00e0 la mairie de Vitr\u00e9. Le 7 septembre 1915, il se marie \u00e0 Saint-Brieuc avec Jeanne Jos\u00e9phine Marie Monfort. La demoiselle na\u00eet \u00e0 Kermoroc&#8217;h en 1886, son p\u00e8re y est notaire. Elle n&#8217;a que 10 ans lorsqu&#8217;un drame vient endeuiller la famille. Sa m\u00e8re est assassin\u00e9e sur la route pr\u00e8s du village, \u00e0 10 heures du matin, le 26 novembre 1896. Une somme d&#8217;argent (100 francs) qu&#8217;elle avait sur elle lui a \u00e9t\u00e9 d\u00e9rob\u00e9. Les enqu\u00eateurs peinent \u00e0 mettre la main sur l&#8217;auteur du crime, un individu est suspect\u00e9 mais mis hors de cause apr\u00e8s 6 mois de prison. En 1904, le coupable est finalement arr\u00eat\u00e9, apr\u00e8s des aveux \u00e0 un compagnon de cellule. Ilien, tenancier d&#8217;un bar-\u00e9picerie \u00e0 Kermoroc&#8217;h, avait suivi Mle Montfort venue demander de la monnaie dans son commerce, il commit son m\u00e9fait afin de lui subtiliser 50 francs qui correspondaient au montant que lui r\u00e9clamait ma\u00eetre Montfort pour une affaire en cours. La cour d&#8217;Assise condamne l&#8217;assassin Ilien \u00e0 la peine capitale, la cour de Cassation ent\u00e9rine le verdict. Une gr\u00e2ce pr\u00e9sidentielle commue la peine aux travaux forc\u00e9s \u00e0 perp\u00e9tuit\u00e9. Il d\u00e9c\u00e8de \u00e0 Cayenne en 1905.<\/p>\n<p style=\"text-align: justify;\">Mle Montfort perd son p\u00e8re en octobre 1913. Ma\u00eetre Montfort \u00e9tait \u00e9galement conseiller g\u00e9n\u00e9ral du canton de B\u00e9gard. Revenons au mariage de Charles Victor Herv\u00e9 et de la demoiselle Monfort. La f\u00eate (s&#8217;il y eut f\u00eate) fut de courte dur\u00e9e. Quelques jours apr\u00e8s la c\u00e9l\u00e9bration, Charles Victor apprend le d\u00e9c\u00e8s de son fr\u00e8re sur le front. Charles Marie est tu\u00e9 au combat \u00e0 Vienne-le-Ch\u00e2teau, le 7 septembre 1915, c&#8217;est-\u00e0-dire le jour du mariage de son fr\u00e8re avec Mle Montfort<\/p>\n<p style=\"text-align: justify;\">Charles Victor Herv\u00e9 revoit ses ambitions professionnelles, il change de fusil d&#8217;\u00e9paule et s&#8217;oriente vers des \u00e9tudes de droit. Sa capacit\u00e9 en droit en poche, il d\u00e9bute en 1919 une carri\u00e8re dans la magistrature : nomm\u00e9 juge de paix (Pontrieux), puis juge d&#8217;instruction (Guingamp). Apr\u00e8s diverses p\u00e9rip\u00e9ties qui ont marqu\u00e9 le tribunal de Guingamp (notamment affaire Loth-Valoris), il d\u00e9missionne de sa fonction, un peu contraint, en ao\u00fbt 1930. Il conna\u00eet alors une p\u00e9riode perturb\u00e9e, voire agit\u00e9e. Il s&#8217;en prend \u00e0 son ancienne administration dans un livre-pamphlet, il s&#8217;investit enti\u00e8rement dans la d\u00e9fense de Guillaume Seznec, y perdant parfois pied. Cette p\u00e9riode d&#8217;activit\u00e9 d\u00e9brid\u00e9e et dense n&#8217;en est pas moins confuse et il faut, au couple Herv\u00e9, affronter d&#8217;autres difficult\u00e9s familiales.<\/p>\n<p style=\"text-align: justify;\">En 1913, apr\u00e8s le d\u00e9c\u00e8s de F\u00e9lix Monfort, beau-p\u00e8re de Charles Herv\u00e9, l&#8217;\u00e9tude notariale est reprise par Jean-Guillaume Le Nir, originaire de Briec (Finist\u00e8re). Son fils, Jean-Yves, lui succ\u00e8de en 1921. Ce dernier, n\u00e9 le 17 juillet 1893, \u00e9pouse le 24 avril 1920, Yvonne Marie Madeleine Montfort, devenant de ce fait beau-fr\u00e8re de Charles Victor Herv\u00e9. D\u00e9tail d&#8217;importance : Jean-Yves Le Nir a un fr\u00e8re jumeau, Guillaume Corentin Marie. Celui-ci, est tu\u00e9 sur le front le 4 septembre 1916, (\u00e0 Belloy-en-Santerre). Cette mort brutale est tr\u00e8s mal v\u00e9cue par le fr\u00e8re survivant. Sa sant\u00e9 en p\u00e2tit, il soigne \u00e9pisodiquement ses tourments par l&#8217;alcool et fait subir \u00e0 ses proches ses sautes d&#8217;humeur.\u00a0 De mal en pis, cela se termine dramatiquement en 1932. Lors d&#8217;une longue sc\u00e8ne d&#8217;exc\u00e8s et de violence, il tue sa femme, puis retourne son fusil de chasse sur lui, laissant trois orphelins de 3, 7 et 9 ans, dont Charles-Victor Herv\u00e9 deviendra le tuteur.<\/p>\n<p style=\"text-align: justify;\">Nous sommes \u00e0 ce moment dans la proc\u00e9dure juridique qui oppose la famille Qu\u00e9m\u00e9ner au journal La Province. A la derni\u00e8re audience, Herv\u00e9, \u00e0 l&#8217;origine du conflit, se fera remarquer par son absence. Le g\u00e9rant du titre de presse paiera cette d\u00e9sinvolture, il sera lourdement sanctionn\u00e9.<\/p>\n<p style=\"text-align: justify;\">En une trentaine d&#8217;ann\u00e9es, l&#8217;\u00e9pouse de Charles-Victor Herv\u00e9 perdait sa m\u00e8re (assassin\u00e9e), son p\u00e8re, deux beaux-fr\u00e8res (guerre 14-18), une soeur (meurtre), un beau-fr\u00e8re (suicide)&#8230; de quoi infl\u00e9chir sensiblement l&#8217;ambiance familiale. Herv\u00e9 s&#8217;est suffisamment emp\u00eatr\u00e9 et parfois fourvoy\u00e9 dans la d\u00e9fense de Guillaume Seznec, qu&#8217;il n&#8217;est peut-\u00eatre pas utile de charger la barque en racontant sur lui tout et n&#8217;importe quoi et d&#8217;user de la calomnie pour le discr\u00e9diter.<\/p>\n","protected":false},"excerpt":{"rendered":"<p>pr\u00e9ambule : ce qui suit ne souffre d&#8217;aucune ambigu\u00eft\u00e9, or sur un certain blog, une certaine &#8220;journaliste culturelle&#8221; prolixe y trouve mati\u00e8re \u00e0 interpr\u00e9tation curieuse. En aucun cas, je ne conteste \u00e0 qui que ce soit d&#8217;avoir une opinion critique envers Charles-Victor Herv\u00e9 et d&#8217;ailleurs je ne m&#8217;en suis jamais priv\u00e9, par contre je maintiens <a class=\"read-more\" href=\"https:\/\/affaire-cadiou-seznec.fr\/?p=1471\">Read more<\/a><\/p>\n","protected":false},"author":1,"featured_media":0,"comment_status":"open","ping_status":"open","sticky":false,"template":"","format":"standard","meta":{"footnotes":""},"categories":[1],"tags":[],"class_list":["post-1471","post","type-post","status-publish","format-standard","hentry","category-uncategorized","wpautop"],"_links":{"self":[{"href":"https:\/\/affaire-cadiou-seznec.fr\/index.php?rest_route=\/wp\/v2\/posts\/1471","targetHints":{"allow":["GET"]}}],"collection":[{"href":"https:\/\/affaire-cadiou-seznec.fr\/index.php?rest_route=\/wp\/v2\/posts"}],"about":[{"href":"https:\/\/affaire-cadiou-seznec.fr\/index.php?rest_route=\/wp\/v2\/types\/post"}],"author":[{"embeddable":true,"href":"https:\/\/affaire-cadiou-seznec.fr\/index.php?rest_route=\/wp\/v2\/users\/1"}],"replies":[{"embeddable":true,"href":"https:\/\/affaire-cadiou-seznec.fr\/index.php?rest_route=%2Fwp%2Fv2%2Fcomments&post=1471"}],"version-history":[{"count":0,"href":"https:\/\/affaire-cadiou-seznec.fr\/index.php?rest_route=\/wp\/v2\/posts\/1471\/revisions"}],"wp:attachment":[{"href":"https:\/\/affaire-cadiou-seznec.fr\/index.php?rest_route=%2Fwp%2Fv2%2Fmedia&parent=1471"}],"wp:term":[{"taxonomy":"category","embeddable":true,"href":"https:\/\/affaire-cadiou-seznec.fr\/index.php?rest_route=%2Fwp%2Fv2%2Fcategories&post=1471"},{"taxonomy":"post_tag","embeddable":true,"href":"https:\/\/affaire-cadiou-seznec.fr\/index.php?rest_route=%2Fwp%2Fv2%2Ftags&post=1471"}],"curies":[{"name":"wp","href":"https:\/\/api.w.org\/{rel}","templated":true}]}}