{"id":1528,"date":"2020-02-19T17:31:52","date_gmt":"2020-02-19T17:31:52","guid":{"rendered":"http:\/\/www.affaire-seznec.byethost22.com\/?p=1528"},"modified":"2020-02-20T12:52:11","modified_gmt":"2020-02-20T12:52:11","slug":"dune-emotion-partagee-bien-reelle-a-fiction-anecdotique","status":"publish","type":"post","link":"https:\/\/affaire-cadiou-seznec.fr\/?p=1528","title":{"rendered":"d&#8217;une \u00e9motion partag\u00e9e bien r\u00e9elle \u00e0 une fiction anecdotique"},"content":{"rendered":"<p style=\"text-align: justify;\">Dimanche dernier, \u00e0 la lecture de la presse locale du matin, une nouvelle bien triste se r\u00e9pandait tr\u00e8s vite dans Morlaix et ses environs : Claude Rideller venait de s&#8217;\u00e9teindre \u00e0 84 ans. Un &#8220;monument&#8221; de la vie morlaisienne disparaissait, prenant de court tout le monde tant on s&#8217;\u00e9tait fait \u00e0 une sorte d&#8217;immortalit\u00e9 du duo de commer\u00e7ants m\u00e8re-fils de la rue de Brest.<\/p>\n<p style=\"text-align: justify;\">Il nous reste le souvenir de ce magasin de chaussures atypique, les amoncellements de bo\u00eetes dans cet espace r\u00e9duit o\u00f9 le client ne s&#8217;aventurait gu\u00e8re, laissant le ma\u00eetre des lieux op\u00e9rer avec efficacit\u00e9 et gentillesse, en fonction des desirata du client. Trois g\u00e9n\u00e9rations de clients garderont en m\u00e9moire l&#8217;image de Claude Rideller grimpant dans les \u00e9tages et descendant quelques minutes plus tard avec sous les bras un nombre impressionnant de bo\u00eetes ; pendant ce laps de temps, sa maman Fran\u00e7oise (Soazig), imperturbable et affable, faisant un brin de conversation avec la client\u00e8le. Un d\u00e9cor et des personnages d&#8217;une autre \u00e9poque qui avaient suscit\u00e9 de l&#8217;int\u00e9r\u00eat au-del\u00e0 du d\u00e9partement (\u00e9mission <em>Faut pas r\u00eaver<\/em>&#8230;). <span style=\"text-decoration: underline; color: #333300;\"><a href=\"https:\/\/www.letelegramme.fr\/finistere\/morlaix\/commerce-claude-rideller-a-tire-sa-reverence-15-02-2020-12504670.php\">Respect M. et Mme Rideller<\/a><\/span>.<\/p>\n<p style=\"text-align: justify;\">Ses obs\u00e8ques ont eu lieu hier mardi, en l&#8217;\u00e9glise de Saint-Martin. Co\u00efncidence curieuse, cette disparition se produit au moment m\u00eame o\u00f9 appara\u00eet une nouvelle publication sur l&#8217;Affaire Seznec. Et alors, me direz-vous, o\u00f9 voulez-vous en venir ? Effectivement, une explication s&#8217;impose, remontons le temps.<\/p>\n<p style=\"text-align: justify;\">Claude Rideller est fils unique, n\u00e9 en 1936 (sans post\u00e9rit\u00e9), de Fran\u00e7oise Rams (n\u00e9 en 1907) et d&#8217;Yves Marie Rideller (n\u00e9 en 1901). Sa m\u00e8re Fran\u00e7oise est la fille de Marie-Fran\u00e7oise Barbier et Julien Rams (mari\u00e9s en juin 1899), deux fr\u00e8res la pr\u00e9c\u00e9dent : Fran\u00e7ois-Marie, n\u00e9 en 1900 et Fran\u00e7ois, n\u00e9 en 1902. L&#8217;\u00e9pouse de Julien Rams d\u00e9c\u00e8de en 1914, il se remarie la m\u00eame ann\u00e9e avec Marie-Yvonne Madec. L&#8217;\u00e9tablissement Rams (d\u00e9bitant de tabac), rue de Brest, avait pour client Guillaume Seznec. Le papier timbr\u00e9 n\u00b0195 qui a servi \u00e0 la confection de la (ou des) fameuse(s) promesse(s) de vente en provenait, vendu peut-\u00eatre par Mme Rideller car d\u00e8s ses 14 ans elle officiait derri\u00e8re le comptoir. Seznec et Julien Rams se connaissaient bien, le 3 juin 1923 (qui suit un aller-retour en train de Seznec \u00e0 Paris) ils se d\u00e9placent \u00e0 Tr\u00e9gastel pour des coupes de bois et, selon les dires de Seznec, pour se mettre d&#8217;accord avec un certain Pauvy pour un service de transport de pommes de terre. La commission Camard apportera un peu de clart\u00e9 \u00e0 l&#8217;emploi du temps indiqu\u00e9 par Guillaume Seznec. Julien Rams, fatigu\u00e9 par la maladie, mettra fin \u00e0 ses jours en janvier 1924. Par la fermeture du magasin d\u00e9but 2019 (touch\u00e9 comme bien d&#8217;autres par l&#8217;inondation du dimanche 3 juin 2018), puis le d\u00e9c\u00e8s de Claude Rideller, c&#8217;est sans doute le dernier lien morlaisien tangible avec l&#8217;affaire Seznec qui dispara\u00eet. A ma connaissance, <span style=\"text-decoration: underline; color: #333300;\"><a href=\"https:\/\/www.letelegramme.fr\/ar\/viewarticle1024.php?aaaammjj=20021021&amp;article=5158896&amp;type=ar\">Mme Rideller<\/a><\/span> (d\u00e9c\u00e9d\u00e9e en 2002, \u00e0 98 ans) ne s&#8217;est jamais exprim\u00e9e publiquement sur le sujet, son t\u00e9moignage nous manque cruellement.<\/p>\n<p style=\"text-align: justify;\">Au moment o\u00f9 Claude Rideller tirait sa r\u00e9v\u00e9rence, paraissait un nouvel ouvrage sur l&#8217;Affaire Seznec. Son auteur nous promettait un d\u00e9nouement spectaculaire, avec des cons\u00e9quences judiciaires in\u00e9vitables conduisant \u00e0 innocenter Guillaume Seznec. Soit, mais apr\u00e8s analyse du contenu de la publication, qu&#8217;en est-il ? Pour parler franc, je ne m&#8217;attendais pas \u00e0 grand chose et je n&#8217;ai pas \u00e9t\u00e9 d\u00e9\u00e7u, je dirai m\u00eame que j&#8217;ai \u00e9t\u00e9 servi : le bric-\u00e0-brac propos\u00e9 d\u00e9passe la pens\u00e9e du trio Privat, Bal et Herv\u00e9. Je suis pr\u00eat \u00e0 accepter une arnaque aux voitures am\u00e9ricaines destin\u00e9es \u00e0 la nomenklatura sovi\u00e9tique, avec ou sans Charly, mais il faudrait au pr\u00e9alable que l&#8217;auteur m&#8217;explique o\u00f9 \u00e9tait Pierre Qu\u00e9m\u00e9ner le 25 mai entre sa sortie du Plat d&#8217;Etain \u00e0 Houdan (envir. 21h30) et sa mont\u00e9e dans le train du matin de 3h48 en gare du m\u00eame lieu ; 6 heures assis sur sa valise, cela para\u00eet beaucoup, m\u00eame par une nuit de pleine lune. Par ailleurs, il serait bon d&#8217;avoir quelques \u00e9l\u00e9ments probants sur l&#8217;emploi du temps \u00e0 Paris du m\u00eame Pierre Qu\u00e9m\u00e9ner le samedi 26 mai (le rendez-vous foireux, la banque, le bureau de Poste, le retour en train&#8230;). Ce serait bien aussi que l&#8217;auteur nous explique ce qu&#8217;il entend par sources, car le lecteur les cherche en vain. Dans les travaux d&#8217;histoire on ne peut pas remplacer la rigueur et la pr\u00e9cision des sources par un raisonnement par l&#8217;absurde du genre j&#8217;affirme quelque chose et tant que personne ne m&#8217;oppose un argument qui me sied, cette affirmation fait foi. Vous remarquerez que je ne cite ni le titre de l&#8217;ouvrage ni le nom de l&#8217;auteur, c&#8217;est une pr\u00e9caution d&#8217;usage afin de ne pas enfreindre la loi sur la propri\u00e9t\u00e9 intellectuelle que l&#8217;auteur sort de fa\u00e7on r\u00e9currente, en l&#8217;interpr\u00e9tant \u00e0 sa sauce et tout en s&#8217;asseyant dessus dans son propre ouvrage. Il y a bien mati\u00e8re \u00e0 commenter sur l&#8217;oeuvre de fiction concern\u00e9e, mais, \u00e0 la r\u00e9flexion, je me demande si ce n&#8217;est pas l\u00e0 une perte de temps.<\/p>\n<p style=\"text-align: justify;\">Terminant cet article, je me suis demand\u00e9 comment faire comprendre au lecteur, de fa\u00e7on concise et claire, l&#8217;int\u00e9r\u00eat de ce dernier ouvrage. M&#8217;est venu \u00e0 l&#8217;esprit la repr\u00e9sentation de <em>&#8220;l&#8217;\u00e9gouttoir&#8221;<\/em> de Marcel Duchamp, son premier ready-made (1914). Voil\u00e0 un objet manufactur\u00e9 achet\u00e9 au BHV d\u00e9clar\u00e9 ipso facto, oeuvre artistique. L&#8217;artiste en a d\u00e9cid\u00e9 ainsi, le d\u00e9bat n&#8217;a pas lieu d&#8217;\u00eatre. On peut faire le parall\u00e8le avec la derni\u00e8re publication sur l&#8217;Affaire Seznec et les affirmations d\u00e9finitives qu&#8217;elle contient. Souhaitons \u00e0 notre brillant auteur un succ\u00e8s aussi plan\u00e9taire que celui de l&#8217;ami Marcel&#8230; c&#8217;est pas gagn\u00e9.<\/p>\n","protected":false},"excerpt":{"rendered":"<p>Dimanche dernier, \u00e0 la lecture de la presse locale du matin, une nouvelle bien triste se r\u00e9pandait tr\u00e8s vite dans Morlaix et ses environs : Claude Rideller venait de s&#8217;\u00e9teindre \u00e0 84 ans. Un &#8220;monument&#8221; de la vie morlaisienne disparaissait, prenant de court tout le monde tant on s&#8217;\u00e9tait fait \u00e0 une sorte d&#8217;immortalit\u00e9 du <a class=\"read-more\" href=\"https:\/\/affaire-cadiou-seznec.fr\/?p=1528\">Read more<\/a><\/p>\n","protected":false},"author":1,"featured_media":0,"comment_status":"open","ping_status":"open","sticky":false,"template":"","format":"standard","meta":{"footnotes":""},"categories":[1],"tags":[],"class_list":["post-1528","post","type-post","status-publish","format-standard","hentry","category-uncategorized","wpautop"],"_links":{"self":[{"href":"https:\/\/affaire-cadiou-seznec.fr\/index.php?rest_route=\/wp\/v2\/posts\/1528","targetHints":{"allow":["GET"]}}],"collection":[{"href":"https:\/\/affaire-cadiou-seznec.fr\/index.php?rest_route=\/wp\/v2\/posts"}],"about":[{"href":"https:\/\/affaire-cadiou-seznec.fr\/index.php?rest_route=\/wp\/v2\/types\/post"}],"author":[{"embeddable":true,"href":"https:\/\/affaire-cadiou-seznec.fr\/index.php?rest_route=\/wp\/v2\/users\/1"}],"replies":[{"embeddable":true,"href":"https:\/\/affaire-cadiou-seznec.fr\/index.php?rest_route=%2Fwp%2Fv2%2Fcomments&post=1528"}],"version-history":[{"count":0,"href":"https:\/\/affaire-cadiou-seznec.fr\/index.php?rest_route=\/wp\/v2\/posts\/1528\/revisions"}],"wp:attachment":[{"href":"https:\/\/affaire-cadiou-seznec.fr\/index.php?rest_route=%2Fwp%2Fv2%2Fmedia&parent=1528"}],"wp:term":[{"taxonomy":"category","embeddable":true,"href":"https:\/\/affaire-cadiou-seznec.fr\/index.php?rest_route=%2Fwp%2Fv2%2Fcategories&post=1528"},{"taxonomy":"post_tag","embeddable":true,"href":"https:\/\/affaire-cadiou-seznec.fr\/index.php?rest_route=%2Fwp%2Fv2%2Ftags&post=1528"}],"curies":[{"name":"wp","href":"https:\/\/api.w.org\/{rel}","templated":true}]}}