{"id":159,"date":"2013-10-18T08:35:29","date_gmt":"2013-10-18T08:35:29","guid":{"rendered":"http:\/\/affaire-seznec.w.pw\/?p=159"},"modified":"2018-04-05T12:03:08","modified_gmt":"2018-04-05T12:03:08","slug":"nous-les-seznec-contre-enquete-rigoureuse-ou-imposture-a-vous-de-juger","status":"publish","type":"post","link":"https:\/\/affaire-cadiou-seznec.fr\/?p=159","title":{"rendered":"&#8220;Nous les Seznec&#8221; : contre-enqu\u00eate rigoureuse ou imposture ? &#8230; \u00e0 vous de juger !"},"content":{"rendered":"<p style=\"text-align: center;\"><span style=\"font-family: arial black,avant garde; color: #003300; font-size: 16px;\"><strong>Critique impertinente de <em>Nous les Seznec<\/em> (mise \u00e0 jour)<\/strong> <\/span><\/p>\n<p style=\"text-align: left;\"><em>Cet article remplace le pr\u00e9c\u00e9dent publi\u00e9 ici sur le m\u00eame sujet (derni\u00e8re mise \u00e0 jour : 21\/10)<br \/>\n<\/em><\/p>\n<p style=\"text-align: justify;\"><strong><span style=\"color: #590105;\"> [derni\u00e8re heure : ce m\u00eame jour, la presse nous annonce la d\u00e9mission prochaine de Denis Seznec de l&#8217;association France-Justice (d\u00e9mission qui serait pr\u00e9sent\u00e9e lors de l&#8217;assembl\u00e9e g\u00e9n\u00e9rale du 27 octobre). On peut s&#8217;\u00e9tonner que cette information n&#8217;apparaisse pas sur le site de l&#8217;association&#8230; nous en saurons sans doute davantage \u00e0 l&#8217;issue de l&#8217;assembl\u00e9e g\u00e9n\u00e9rale. Cela devrait avoir peu d&#8217;incidence sur l&#8217;\u00e9volution du <em>dossier Seznec<\/em>, dans la mesure o\u00f9 depuis quelque temps, le sujet ne semblait plus \u00eatre une priorit\u00e9 pour l&#8217;association et son pr\u00e9sident.]<\/span><\/strong><\/p>\n<p style=\"text-align: center;\"><iframe src=\"\/\/docs.google.com\/viewer?url=https%3A%2F%2Faffaire-cadiou-seznec.fr%2Fwp-content%2Fuploads%2F2013%2F10%2Fcrit-nls211013.pdf&hl=fr&embedded=true\" class=\"gde-frame\" style=\"width:100%; height:500px; border: none;\" scrolling=\"no\"><\/iframe>\n<p class=\"gde-text\"><a href=\"https:\/\/affaire-cadiou-seznec.fr\/wp-content\/uploads\/2013\/10\/crit-nls211013.pdf\" class=\"gde-link\">Download (PDF, 368KB)<\/a><\/p><\/p>\n","protected":false},"excerpt":{"rendered":"<p>Critique impertinente de Nous les Seznec (mise \u00e0 jour) Cet article remplace le pr\u00e9c\u00e9dent publi\u00e9 ici sur le m\u00eame sujet (derni\u00e8re mise \u00e0 jour : 21\/10) [derni\u00e8re heure : ce m\u00eame jour, la presse nous annonce la d\u00e9mission prochaine de Denis Seznec de l&#8217;association France-Justice (d\u00e9mission qui serait pr\u00e9sent\u00e9e lors de l&#8217;assembl\u00e9e g\u00e9n\u00e9rale du 27 <a class=\"read-more\" href=\"https:\/\/affaire-cadiou-seznec.fr\/?p=159\">Read more<\/a><\/p>\n","protected":false},"author":1,"featured_media":0,"comment_status":"open","ping_status":"open","sticky":false,"template":"","format":"standard","meta":{"footnotes":""},"categories":[1],"tags":[],"class_list":["post-159","post","type-post","status-publish","format-standard","hentry","category-uncategorized","wpautop"],"_links":{"self":[{"href":"https:\/\/affaire-cadiou-seznec.fr\/index.php?rest_route=\/wp\/v2\/posts\/159","targetHints":{"allow":["GET"]}}],"collection":[{"href":"https:\/\/affaire-cadiou-seznec.fr\/index.php?rest_route=\/wp\/v2\/posts"}],"about":[{"href":"https:\/\/affaire-cadiou-seznec.fr\/index.php?rest_route=\/wp\/v2\/types\/post"}],"author":[{"embeddable":true,"href":"https:\/\/affaire-cadiou-seznec.fr\/index.php?rest_route=\/wp\/v2\/users\/1"}],"replies":[{"embeddable":true,"href":"https:\/\/affaire-cadiou-seznec.fr\/index.php?rest_route=%2Fwp%2Fv2%2Fcomments&post=159"}],"version-history":[{"count":0,"href":"https:\/\/affaire-cadiou-seznec.fr\/index.php?rest_route=\/wp\/v2\/posts\/159\/revisions"}],"wp:attachment":[{"href":"https:\/\/affaire-cadiou-seznec.fr\/index.php?rest_route=%2Fwp%2Fv2%2Fmedia&parent=159"}],"wp:term":[{"taxonomy":"category","embeddable":true,"href":"https:\/\/affaire-cadiou-seznec.fr\/index.php?rest_route=%2Fwp%2Fv2%2Fcategories&post=159"},{"taxonomy":"post_tag","embeddable":true,"href":"https:\/\/affaire-cadiou-seznec.fr\/index.php?rest_route=%2Fwp%2Fv2%2Ftags&post=159"}],"curies":[{"name":"wp","href":"https:\/\/api.w.org\/{rel}","templated":true}]}}