{"id":1608,"date":"2021-02-08T22:06:39","date_gmt":"2021-02-08T22:06:39","guid":{"rendered":"http:\/\/www.affaire-seznec.byethost22.com\/?p=1608"},"modified":"2024-02-12T17:24:24","modified_gmt":"2024-02-12T17:24:24","slug":"huzo-a-ville-geier-a-letat-civil-selon-toujours-charles","status":"publish","type":"post","link":"https:\/\/affaire-cadiou-seznec.fr\/?p=1608","title":{"rendered":"Huzo ou Geier, selon&#8230; Charles toujours"},"content":{"rendered":"<p style=\"text-align: justify;\"><em>[Apr\u00e8s une hibernation prolong\u00e9e, je tente une timide sortie sans d\u00e9rogation m&#8217;autorisant moi-m\u00eame en personne \u00e0 intervenir sur le sujet Seznec\/Qu\u00e9m\u00e9ner. Est-ce le signe d&#8217;une reprise de r\u00e9daction d&#8217;articles sur ce blog ? Marteze&#8230;]<\/em><\/p>\n<p style=\"text-align: justify;\">Venons-en au sujet du jour : Charles Huzo. En savoir davantage sur le personnage ne fera pas avancer notre connaissance de l&#8217;Affaire, mais cela permettra peut-\u00eatre d&#8217;\u00e9vacuer en ce qui le concerne tout soup\u00e7on d&#8217;implication directe ou indirecte dans la disparition de Pierre Qu\u00e9m\u00e9ner. Cette histoire presque centenaire a de beaux jours devant elle. Elle se nourrit sans cesse d&#8217;\u00e9l\u00e9ments faisant appel \u00e0 l&#8217;imagination fertile de chercheurs auto-proclam\u00e9s peu enclins \u00e0 la recherche m\u00e9thodique, lente et laborieuse, souvent infructueuse, qui s&#8217;en tient aux faits et au croisement des sources. On est renseign\u00e9 sur Privat, Herv\u00e9, Bal&#8230; mais pas grand chose \u00e0 se mettre sous la dent pour l&#8217;ami Huzo.<\/p>\n<p style=\"text-align: justify;\">L&#8217;ami Huzo na\u00eet en 1886, le 16 janvier, \u00e0 Mazagran (d\u00e9partement d&#8217;Oran, Alg\u00e9rie), mais pour l&#8217;\u00e9tat-civil, il est not\u00e9 Geier, du nom de son p\u00e8re (Charles \u00e9galement). Originaire de Climbach (n\u00e9 le 1er octobre 1834), dans le Haut-Rhin, son p\u00e8re, militaire de carri\u00e8re, est en poste \u00e0 Oran lorsqu&#8217;il fait la connaissance de Marie Madeleine Scolana. Il l&#8217;\u00e9pouse le 7 fevrier 1885, non sans avoir en main l&#8217;autorisation officielle du conseil de famille car la jeune fille est orpheline et encore mineure. Rien de bien \u00e9tonnant \u00e0 la chose sinon que l&#8217;ami Charles accuse pour sa part les cinquante printemps. Un an plus tard, Charles (futur Huzo) vient agrandir le cercle familial (une soeur l&#8217;avait devanc\u00e9 en 1883, trois fr\u00e8res et deux autres soeurs venant compl\u00e9ter la famille). En juillet 1900, sa m\u00e8re d\u00e9c\u00e8de (Charles a 14 ans) suivie six mois plus tard par son p\u00e8re. Nous n&#8217;avons pas de renseignements sur sa scolarit\u00e9, mais tout laisse \u00e0 supposer d&#8217;un environnement favorable au vu de ses connaissances litt\u00e9raires. Lors du recrutement militaire (classe 1906), il est exempt\u00e9 pour raison m\u00e9dicale (raccourcissement de la jambe droite). Il en profite sans doute pour dig\u00e9rer l&#8217;oeuvre de Victor Hugo, son auteur pr\u00e9f\u00e9r\u00e9. En 1912, il fait para\u00eetre chez Grasset son premier roman, &#8220;Les Criminels&#8221;, il r\u00e9side alors sur Paris. Plus tard, il commet un autre ouvrage, Yolande, roman de moeurs, diversement appr\u00e9ci\u00e9 par la critique.<\/p>\n<p style=\"text-align: justify;\">Lors du recrutement militaire de sa classe en 1906, son handicap physique l&#8217;avait class\u00e9 comme exempt\u00e9, mais en ao\u00fbt 1914\u00a0il se pr\u00e9sente \u00e0 la mairie du XVIIe comme engag\u00e9 volontaire pour la dur\u00e9e de la guerre. Selon les affectations, tant\u00f4t class\u00e9 au service auxiliaire, tant\u00f4t sur le front, il est bless\u00e9 par balles lors d&#8217;un assaut. Cela lui vaut les honneurs militaires, m\u00e9daille interalli\u00e9e et croix de guerre. Par contre, il semblerait qu&#8217;il ait b\u00e9n\u00e9fici\u00e9 en 1932 d&#8217;une L\u00e9gion d&#8217;honneur octroy\u00e9e par d\u00e9cret, mais sit\u00f4t annul\u00e9e ?<\/p>\n<p style=\"text-align: justify;\">Son registre matricule fournit des d\u00e9tails sur sa p\u00e9riode 1914\/18, mais le retrouver est un jeu de piste&#8230; non seulement Huzo est inconnu au bataillon, mais Charles Geier \u00e9galement&#8230; on y arrive en pointant le camarade Charles \u00e0 Peier (\u00e9l\u00e9mentaire, cher Watson !).<\/p>\n<p style=\"text-align: justify;\">Le 24 d\u00e9cembre 1921, il \u00e9pouse (Paris Ve) une d\u00e9nomm\u00e9e C\u00e9lestine Godefroy originaire des Bouches-du-Rh\u00f4ne de qui il a eu au moins trois enfants :<br \/>\n&#8211; Gabriel Charles Alphonse n\u00e9 14 novembre 1926 \u00e0 Paris 75014<br \/>\n&#8211; St\u00e9phane Henry Michel n\u00e9 15 juillet 1929 \u00e0 Paris 75015<br \/>\n&#8211; Huguette Madeleine Th\u00e9r\u00e8se n\u00e9e le 8 juillet 1931 \u00e0 Paris 75015.<\/p>\n<p style=\"text-align: justify;\">Il r\u00e9side entre 1926 et 1931 au 65 rue Vasco-de-Gama, Paris XVe,\u00a0on le retrouve ensuite 6, rue Larrey &#8211; Paris Ve. Il fait des piges dans la presse, notamment dans l&#8217;Express de l&#8217;Est (c&#8217;\u00e9tait aussi le cas pour Petitcolas, mais bien plus t\u00f4t), puis il intervient dans l&#8217;Ere Nouvelle o\u00f9 sur plusieurs colonnes il entretient une vision tr\u00e8s personnelle et originale de la disparition de Pierre Qu\u00e9m\u00e9ner, il devra s&#8217;en expliquer devant la justice&#8230; je renvoie le lecteur \u00e0 tout ce qui a \u00e9t\u00e9 \u00e9crit sur le sujet. Il r\u00e9dige des \u00e9ditos dans plusieurs journaux, sur divers sujets, il se fait remarquer dans des r\u00e9unions parisiennes en clamant du Victor Hugo jusqu&#8217;\u00e0 l&#8217;endormissement de son auditoire.<\/p>\n<p style=\"text-align: justify;\">Peut-\u00eatre nostalgique de sa terre d&#8217;origine, par d\u00e9cision du 21 f\u00e9vrier 1935, il obtient un poste r\u00e9serv\u00e9 comme &#8220;<em>commis de 5\u00e8me classe de la Tr\u00e9sorerie d&#8217;Alg\u00e9rie \u00e0 compter du 1er mars 1935<\/em>&#8220;. D\u00e8s lors, Charles Huzo n&#8217;alimentera plus la chronique de la disparition de Pierre Qu\u00e9m\u00e9ner&#8230; d&#8217;autres s&#8217;en chargeront.<\/p>\n<p style=\"text-align: justify;\">\n","protected":false},"excerpt":{"rendered":"<p>[Apr\u00e8s une hibernation prolong\u00e9e, je tente une timide sortie sans d\u00e9rogation m&#8217;autorisant moi-m\u00eame en personne \u00e0 intervenir sur le sujet Seznec\/Qu\u00e9m\u00e9ner. Est-ce le signe d&#8217;une reprise de r\u00e9daction d&#8217;articles sur ce blog ? Marteze&#8230;] Venons-en au sujet du jour : Charles Huzo. En savoir davantage sur le personnage ne fera pas avancer notre connaissance de <a class=\"read-more\" href=\"https:\/\/affaire-cadiou-seznec.fr\/?p=1608\">Read more<\/a><\/p>\n","protected":false},"author":1,"featured_media":0,"comment_status":"open","ping_status":"open","sticky":false,"template":"","format":"standard","meta":{"footnotes":""},"categories":[40,1],"tags":[],"class_list":["post-1608","post","type-post","status-publish","format-standard","hentry","category-aff-seznec","category-uncategorized","wpautop"],"_links":{"self":[{"href":"https:\/\/affaire-cadiou-seznec.fr\/index.php?rest_route=\/wp\/v2\/posts\/1608","targetHints":{"allow":["GET"]}}],"collection":[{"href":"https:\/\/affaire-cadiou-seznec.fr\/index.php?rest_route=\/wp\/v2\/posts"}],"about":[{"href":"https:\/\/affaire-cadiou-seznec.fr\/index.php?rest_route=\/wp\/v2\/types\/post"}],"author":[{"embeddable":true,"href":"https:\/\/affaire-cadiou-seznec.fr\/index.php?rest_route=\/wp\/v2\/users\/1"}],"replies":[{"embeddable":true,"href":"https:\/\/affaire-cadiou-seznec.fr\/index.php?rest_route=%2Fwp%2Fv2%2Fcomments&post=1608"}],"version-history":[{"count":7,"href":"https:\/\/affaire-cadiou-seznec.fr\/index.php?rest_route=\/wp\/v2\/posts\/1608\/revisions"}],"predecessor-version":[{"id":1627,"href":"https:\/\/affaire-cadiou-seznec.fr\/index.php?rest_route=\/wp\/v2\/posts\/1608\/revisions\/1627"}],"wp:attachment":[{"href":"https:\/\/affaire-cadiou-seznec.fr\/index.php?rest_route=%2Fwp%2Fv2%2Fmedia&parent=1608"}],"wp:term":[{"taxonomy":"category","embeddable":true,"href":"https:\/\/affaire-cadiou-seznec.fr\/index.php?rest_route=%2Fwp%2Fv2%2Fcategories&post=1608"},{"taxonomy":"post_tag","embeddable":true,"href":"https:\/\/affaire-cadiou-seznec.fr\/index.php?rest_route=%2Fwp%2Fv2%2Ftags&post=1608"}],"curies":[{"name":"wp","href":"https:\/\/api.w.org\/{rel}","templated":true}]}}