{"id":183,"date":"2013-10-22T14:55:37","date_gmt":"2013-10-22T14:55:37","guid":{"rendered":"http:\/\/affaire-seznec.w.pw\/?p=183"},"modified":"2018-04-05T12:02:41","modified_gmt":"2018-04-05T12:02:41","slug":"roland-agret-penn-soner-de-circonstance-fait-entendre-ses-bourdons","status":"publish","type":"post","link":"https:\/\/affaire-cadiou-seznec.fr\/?p=183","title":{"rendered":"Roland Agret, penn soner de circonstance, fait entendre ses bourdons&#8230;"},"content":{"rendered":"<p style=\"text-align: justify;\"><em><strong>[extrait d&#8217;un article de Roland Agret, du 20\/10, publi\u00e9 sur son blog\/Le Monde]<\/strong><\/em><\/p>\n<p style=\"text-align: justify;\"><span style=\"font-size: 16px; color: #003300;\"><strong>\u00ab\u00a0Nous les Seznec\u00a0\u00bb par Denis Le Her alias Seznec : Sur un air de cornemuse qui prend un coup de corne de brume\u2026<\/strong><\/span><\/p>\n<div>\n<p style=\"text-align: justify;\"><span style=\"font-size: 16px;\">A plusieurs reprises, une amie de Twitter m\u2019a signal\u00e9 ces sites et c\u2019est vrai, par manque de temps et de curiosit\u00e9, j\u2019ai tra\u00een\u00e9 des pieds pour me plonger dans cette lecture. J\u2019ai pris comme un coup de grisou.<\/span><\/p>\n<p style=\"text-align: justify;\"><span style=\"font-size: 16px;\">piste-de-lormaye.over-blog.com<\/span><\/p>\n<p style=\"text-align: justify;\"><span style=\"font-size: 16px;\">https:\/\/affaire-cadiou-seznec.fr\/2013\/10\/nous-les-seznec-contre-enquete-rigoureuse-ou-imposture-a-vous-de-juger\/<\/span><\/p>\n<p style=\"text-align: justify;\"><span style=\"font-size: 16px;\">Personnellement, je ne peux pas m\u2019\u00e9tendre sur cette \u00e9nigmatique histoire.<\/span><br \/>\n<span style=\"font-size: 16px;\"> Je n\u2019ai jamais eu acc\u00e8s au dossier ni au moindre document.<\/span><br \/>\n<span style=\"font-size: 16px;\"> Par contre, je peux dire qu\u2019\u00e0 plusieurs reprises j\u2019ai rencontr\u00e9 Denis Seznec qui faisait la promotion de son ouvrage, aussi vendu que contest\u00e9 aujourd\u2019hui.<\/span><br \/>\n<span style=\"font-size: 16px;\"> Preuve par les liens ci-dessus que je recommande \u00e0 votre lecture et esprit critique, car les auteurs semblent parfaitement document\u00e9s.<\/span><\/p>\n<p style=\"text-align: justify;\"><span style=\"font-size: 16px;\">\u00ab Nous les Seznec \u00bb, pav\u00e9 au titre pompeux que l\u2019on peut interpr\u00e9ter en sous titre comme \u00ab les autres sont de tristes cons \u00bb, est autopsi\u00e9, d\u00e9calamin\u00e9 au scalpel, v\u00e9rifi\u00e9 \u00e0 la virgule.<\/span><\/p>\n<p style=\"text-align: justify;\"><span style=\"font-size: 16px;\">En d\u00e9but de lecture, j\u2019ai d\u2019abord \u00e9t\u00e9 surpris puis choqu\u00e9, puis scandalis\u00e9.<\/span><br \/>\n<span style=\"font-size: 16px;\"> Petits et grands mensonges, omissions arrangeantes, manipulations et autres \u00e9v\u00e9nements bien frelat\u00e9s, dont un qui me touche de pr\u00e8s puisqu\u2019en page 588, il raconte un d\u00eener chez lui, avec Sylvie Noachovitch, Roger-Marc Moreau et il nous traite \u00ab d\u2019amis \u00bb. Si ce repas sans chandelle a bien eu lieu, il n\u2019en reste pas moins vrai qu\u2019il vautre le mot \u00ab ami \u00bb et le v\u00e9ritable sens de \u00ab l\u2019amiti\u00e9 \u00bb, du moins me concernant. Pour les autres, ils ont \u00e9chapp\u00e9s \u00e0 mes souvenirs.<\/span><br \/>\n<span style=\"font-size: 16px;\"> Il en oublie la pr\u00e9sence de Marie-Jo, c\u2019est tant mieux pour elle.<\/span><\/p>\n<p style=\"text-align: justify;\"><span style=\"font-size: 16px;\">La si fameuse gr\u00e2ce du G\u00e9n\u00e9ral de Gaulle\u2026des amuses gueules au dessert\u2026J\u2019ai trouv\u00e9 \u00e7a g\u00e9nial ! Forc\u00e9ment, gracier un bagnard n\u2019est pas une faveur anodine. En interligne on peut d\u00e9j\u00e0 lire : \u00ab on ne gracie pas quelqu\u2019un que l\u2019on croit coupable \u00bb, \u00e0 plus forte raison lorsqu\u2019il s\u2019agit du \u00ab Grand Charles \u00bb !<\/span><br \/>\n<span style=\"font-size: 16px;\"> Blous\u00e9 que j\u2019ai \u00e9t\u00e9, je viens d\u2019apprendre qu\u2019il s\u2019agissait d\u2019un d\u00e9cret collectif et que quelques autres prisonniers ont b\u00e9n\u00e9fici\u00e9 de cette cl\u00e9mence Pr\u00e9sidentielle\u2026<\/span><br \/>\n<span style=\"font-size: 16px;\"> Toute l\u2019histoire racont\u00e9e par Denis Seznec, avec mimiques et intonations, vous plongez messires, de Concarneau \u00e0 Clermont-Ferrand en passant par l\u2019Estaque !<\/span><br \/>\n<span style=\"font-size: 16px;\"> J\u2019ai juste un peu contrari\u00e9 son r\u00e9cit lorsqu\u2019il nous a assur\u00e9 que \u00ab la Garde des Sceaux \u00bb de l\u2019\u00e9poque, Bretonne en bordure de son Comit\u00e9 de soutien, \u00ab allait transmettre son dossier \u00e0 la Cour de Cassation pour demander la r\u00e9vision \u00bb, chose unique dans les annales judiciaires selon lui.<\/span><br \/>\n<span style=\"font-size: 16px;\"> Ben non, lui ai-je dit, Jean-Marie Devaux a vu sa requ\u00eate transmise directement par un Ministre de la Justice, motiv\u00e9e \u00ab dans l\u2019int\u00e9r\u00eat de la loi \u00bb, ce qui l\u00e0 est exceptionnel. Et puis, moi-m\u00eame, j\u2019ai vu Jean Lecanuet balancer mon dossier directement \u00e0 la Cour de Cass.<\/span><br \/>\n<span style=\"font-size: 16px;\"> Mais rien n\u2019y a jamais rien fait, il a persist\u00e9 \u00e0 claironner que son affaire \u00e9tait unique et que c\u2019\u00e9tait la premi\u00e8re fois que\u2026<\/span><br \/>\n<span style=\"font-size: 16px;\"> Qu\u2019est-ce que cela pouvait apporter \u00e0 son histoire ? Rien, sinon que cela m\u2019a permis de me rendre compte combien il \u00e9tait arrogant et h\u00e2bleur.<\/span><br \/>\n<span style=\"font-size: 16px;\"> Son avis sur le milieu carc\u00e9ral m\u2019a soulev\u00e9 quelques bouillonnements. Parler de ce que l\u2019on n\u2019a pas connu me h\u00e9risse, \u00e0 plus forte raison lorsque l\u2019on serre de pr\u00e8s les raisonnements les plus obtus sur la chose.<\/span><\/p>\n<p style=\"text-align: center;\"><span style=\"color: #e31c28;\"><strong>&#8230;lire\u00a0 <a href=\"http:\/\/rolandagret.blog.lemonde.fr\/2013\/10\/20\/nous-les-seznec-par-denis-le-her-alias-seznec-sur-un-air-de-cornemuse-qui-prend-un-coup-de-corne-de-brume\/\"><span style=\"color: #e31c28;\">la suite (blog roland agret\/le monde)<\/span><\/a><\/strong><\/span><\/p>\n<\/div>\n","protected":false},"excerpt":{"rendered":"<p>[extrait d&#8217;un article de Roland Agret, du 20\/10, publi\u00e9 sur son blog\/Le Monde] \u00ab\u00a0Nous les Seznec\u00a0\u00bb par Denis Le Her alias Seznec : Sur un air de cornemuse qui prend un coup de corne de brume\u2026 A plusieurs reprises, une amie de Twitter m\u2019a signal\u00e9 ces sites et c\u2019est vrai, par manque de temps et <a class=\"read-more\" href=\"https:\/\/affaire-cadiou-seznec.fr\/?p=183\">Read more<\/a><\/p>\n","protected":false},"author":1,"featured_media":0,"comment_status":"open","ping_status":"open","sticky":false,"template":"","format":"standard","meta":{"footnotes":""},"categories":[1],"tags":[],"class_list":["post-183","post","type-post","status-publish","format-standard","hentry","category-uncategorized","wpautop"],"_links":{"self":[{"href":"https:\/\/affaire-cadiou-seznec.fr\/index.php?rest_route=\/wp\/v2\/posts\/183","targetHints":{"allow":["GET"]}}],"collection":[{"href":"https:\/\/affaire-cadiou-seznec.fr\/index.php?rest_route=\/wp\/v2\/posts"}],"about":[{"href":"https:\/\/affaire-cadiou-seznec.fr\/index.php?rest_route=\/wp\/v2\/types\/post"}],"author":[{"embeddable":true,"href":"https:\/\/affaire-cadiou-seznec.fr\/index.php?rest_route=\/wp\/v2\/users\/1"}],"replies":[{"embeddable":true,"href":"https:\/\/affaire-cadiou-seznec.fr\/index.php?rest_route=%2Fwp%2Fv2%2Fcomments&post=183"}],"version-history":[{"count":0,"href":"https:\/\/affaire-cadiou-seznec.fr\/index.php?rest_route=\/wp\/v2\/posts\/183\/revisions"}],"wp:attachment":[{"href":"https:\/\/affaire-cadiou-seznec.fr\/index.php?rest_route=%2Fwp%2Fv2%2Fmedia&parent=183"}],"wp:term":[{"taxonomy":"category","embeddable":true,"href":"https:\/\/affaire-cadiou-seznec.fr\/index.php?rest_route=%2Fwp%2Fv2%2Fcategories&post=183"},{"taxonomy":"post_tag","embeddable":true,"href":"https:\/\/affaire-cadiou-seznec.fr\/index.php?rest_route=%2Fwp%2Fv2%2Ftags&post=183"}],"curies":[{"name":"wp","href":"https:\/\/api.w.org\/{rel}","templated":true}]}}