{"id":2442,"date":"2025-05-20T20:42:47","date_gmt":"2025-05-20T20:42:47","guid":{"rendered":"https:\/\/affaire-cadiou-seznec.fr\/?p=2442"},"modified":"2025-05-21T11:57:04","modified_gmt":"2025-05-21T11:57:04","slug":"sortie-dhibernation","status":"publish","type":"post","link":"https:\/\/affaire-cadiou-seznec.fr\/?p=2442","title":{"rendered":"&#8230; billet d&#8217;humeur"},"content":{"rendered":"<p><span style=\"color: #003300;\"><strong><span style=\"font-size: 14pt;\">&#8230; La consultation pour tous du dossier Seznec&#8230; et puis ?<\/span><\/strong><\/span><\/p>\n<p style=\"text-align: justify;\"><strong>Une coupure de six mois et me voici de retour apr\u00e8s cette fameuse autorisation (l\u00e9gale) pour la consultation de ce non moins fameux dossier de proc\u00e9dure criminelle archiv\u00e9 \u00e0 Quimper. Dans la foul\u00e9e, le dossier Camard a suivi le m\u00eame chemin. Et alors, me direz-vous ? Peu de nouveaut\u00e9s \u00e0 vrai dire, l&#8217;espoir d&#8217;y d\u00e9couvrir des \u00e9l\u00e9ments permettant une ni\u00e8me demande de r\u00e9vision est rest\u00e9 vain. De ce fait, les &#8220;experts&#8221; restent camp\u00e9s sur leurs positions, t\u00eatus ou born\u00e9s pour certains, je laisse au lecteur le choix du qualificatif le plus appropri\u00e9 pour chaque sp\u00e9cialiste. Sur certains blogs &#8220;experts&#8221;, on continue d&#8217;observer sur le sujet des \u00e9changes muscl\u00e9s o\u00f9 courtoisie et d\u00e9licatesse ont disparu depuis bien longtemps faisant all\u00e8grement et inlassablement la part belle \u00e0 la grossi\u00e8ret\u00e9 et l&#8217;injure. La b\u00eatise est, h\u00e9las, insondable. Ainsi va l&#8217;Affaire Seznec, chacun d\u00e9fendant bec et ongles son pr\u00e9 carr\u00e9.<\/strong><\/p>\n<p style=\"text-align: justify;\"><strong>N\u00e9anmoins, des avanc\u00e9es sur le trafic des cadillacs vers la Russie nous ont \u00e9t\u00e9 promises. Est-ce suite \u00e0 la consultation du dossier Camard que de nouveaux &#8220;points de convergence&#8221; sont apparus? J&#8217;en doute un peu et suis surpris du peu de commentaires sur le contenu de ce dossier de 300 pages car il contient quand m\u00eame des \u00e9l\u00e9ments int\u00e9ressants qui auraient d\u00fb susciter l&#8217;int\u00e9r\u00eat des lecteurs, \u00e0 moins que le service des Archives Nationales se restreint \u00e0 l&#8217;envoi uniquement d&#8217;un extrait du dossier. Par ailleurs, les cotes concern\u00e9es contiennent des documents compl\u00e9mentaires, hors rapport Camard, absents du dossier de Quimper. Je n&#8217;ai pas lu d&#8217;articles y faisant mention et c&#8217;est bien dommage.<\/strong><\/p>\n<p style=\"text-align: justify;\"><strong>Et maintenant ? Sommes-nous contraints de nous contenter d&#8217;accepter le verdict tel qu&#8217;\u00e9nonc\u00e9 en novembre 1924 ? Oui, sauf \u00e9l\u00e9ment nouveau permettant \u00e0 la famille de relancer la machine judiciaire. Comme dans l&#8217;affaire Cadiou, nous sommes sans doute dans une position fig\u00e9e, d&#8217;un c\u00f4t\u00e9 un suspect acquitt\u00e9 et de l&#8217;autre un suspect condamn\u00e9. Les d\u00e9bats\u00a0 sans fin sur les horaires de train et les nombreux t\u00e9moignages contradictoires ont de beaux jours devant eux, sans pour autant passionner les foules. Cent ans que cela dure, rien ne presse et tant que la machine \u00e0 copier-coller fonctionne, nous sommes assur\u00e9s d&#8217;avoir de la lecture.<\/strong><\/p>\n<p style=\"text-align: justify;\"><strong>Alors, sommes-nous r\u00e9duits \u00e0 refermer nos dossiers personnels avant un rangement d\u00e9finitif ? Pas forc\u00e9ment, ces deux affaires qui se rejoignent permettent d&#8217;avoir\u00a0 un \u00e9clairage assez large sur la vie sociale, \u00e9conomique, politique de l&#8217;\u00e9poque et d&#8217;avancer peut-\u00eatre, bien prudemment, des \u00e9bauches d&#8217;explications aux deux disparitions&#8230; gwelet e vo !<\/strong><\/p>\n","protected":false},"excerpt":{"rendered":"<p>&#8230; La consultation pour tous du dossier Seznec&#8230; et puis ? Une coupure de six mois et me voici de retour apr\u00e8s cette fameuse autorisation (l\u00e9gale) pour la consultation de ce non moins fameux dossier de proc\u00e9dure criminelle archiv\u00e9 \u00e0 Quimper. Dans la foul\u00e9e, le dossier Camard a suivi le m\u00eame chemin. Et alors, me <a class=\"read-more\" href=\"https:\/\/affaire-cadiou-seznec.fr\/?p=2442\">Read more<\/a><\/p>\n","protected":false},"author":1,"featured_media":0,"comment_status":"open","ping_status":"closed","sticky":false,"template":"","format":"standard","meta":{"footnotes":""},"categories":[1],"tags":[],"class_list":["post-2442","post","type-post","status-publish","format-standard","hentry","category-uncategorized","wpautop"],"_links":{"self":[{"href":"https:\/\/affaire-cadiou-seznec.fr\/index.php?rest_route=\/wp\/v2\/posts\/2442","targetHints":{"allow":["GET"]}}],"collection":[{"href":"https:\/\/affaire-cadiou-seznec.fr\/index.php?rest_route=\/wp\/v2\/posts"}],"about":[{"href":"https:\/\/affaire-cadiou-seznec.fr\/index.php?rest_route=\/wp\/v2\/types\/post"}],"author":[{"embeddable":true,"href":"https:\/\/affaire-cadiou-seznec.fr\/index.php?rest_route=\/wp\/v2\/users\/1"}],"replies":[{"embeddable":true,"href":"https:\/\/affaire-cadiou-seznec.fr\/index.php?rest_route=%2Fwp%2Fv2%2Fcomments&post=2442"}],"version-history":[{"count":13,"href":"https:\/\/affaire-cadiou-seznec.fr\/index.php?rest_route=\/wp\/v2\/posts\/2442\/revisions"}],"predecessor-version":[{"id":2456,"href":"https:\/\/affaire-cadiou-seznec.fr\/index.php?rest_route=\/wp\/v2\/posts\/2442\/revisions\/2456"}],"wp:attachment":[{"href":"https:\/\/affaire-cadiou-seznec.fr\/index.php?rest_route=%2Fwp%2Fv2%2Fmedia&parent=2442"}],"wp:term":[{"taxonomy":"category","embeddable":true,"href":"https:\/\/affaire-cadiou-seznec.fr\/index.php?rest_route=%2Fwp%2Fv2%2Fcategories&post=2442"},{"taxonomy":"post_tag","embeddable":true,"href":"https:\/\/affaire-cadiou-seznec.fr\/index.php?rest_route=%2Fwp%2Fv2%2Ftags&post=2442"}],"curies":[{"name":"wp","href":"https:\/\/api.w.org\/{rel}","templated":true}]}}