{"id":2509,"date":"2025-05-27T11:47:51","date_gmt":"2025-05-27T11:47:51","guid":{"rendered":"https:\/\/affaire-cadiou-seznec.fr\/?p=2509"},"modified":"2025-05-27T18:37:46","modified_gmt":"2025-05-27T18:37:46","slug":"moment-de-flottement-chez-lingenieur-pierre","status":"publish","type":"post","link":"https:\/\/affaire-cadiou-seznec.fr\/?p=2509","title":{"rendered":"&#8230; moment de flottement chez l&#8217;ing\u00e9nieur Pierre !"},"content":{"rendered":"<p><span style=\"color: #003300; font-size: 14pt;\"><strong>&#8230;. quand l&#8217;\u00e9criture, \u00e0 7 jours d&#8217;intervalle,\u00a0 trahit les \u00e9motions et l&#8217;embarras<\/strong><\/span><\/p>\n<p style=\"text-align: justify;\">Je soumets \u00e0 votre r\u00e9flexion deux copies de courriers de l&#8217;ing\u00e9nieur Pierre. Ils sont dat\u00e9s du 7 janvier 1914 pour l&#8217;un et du 14 pour l&#8217;autre, tr\u00e8s peu de temps apr\u00e8s la disparition inexpliqu\u00e9e de Cadiou (30 d\u00e9cembre). Le premier s&#8217;adresse \u00e0 un ami connu lors de leurs \u00e9tudes \u00e0 Lyon, avec qui Pierre correspond r\u00e9guli\u00e8rement. Le deuxi\u00e8me est de nature professionnelle. Depuis quelque temps, Pierre est en pourparlers avec Rocher et Legrand pour int\u00e9grer la future usine de blanchiment de Daoulas. Il est dans une position d\u00e9licate car son contrat en cours \u00e0 la Grand Palud le contraint \u00e0 ne pas postuler pour un poste dans une usine similaire, or il a donn\u00e9 son accord \u00e0 Rocher pour un nouveau contrat \u00e0 l&#8217;usine de Daoulas devant prendre effet au 1er mars, contrat qui lui a \u00e9t\u00e9 pr\u00e9sent\u00e9 le 10 janvier et qu&#8217;il a sign\u00e9&#8230;. et d\u00e9nonc\u00e9 d\u00e8s le surlendemain <em>(document ci-apr\u00e8s &#8211;\u00a0<\/em> <em>Il s&#8217;agit bien du courrier adress\u00e9 \u00e0 Rocher, que ce dernier a confi\u00e9 aux enqu\u00eateurs, non d&#8217;un brouillon !!)<\/em><\/p>\n<p style=\"text-align: justify;\">Au proc\u00e8s de 1919, la &#8220;qualit\u00e9&#8221; du courrier de l&#8217;annulation du contrat n&#8217;a pas \u00e9t\u00e9 \u00e9voqu\u00e9e. Dans sa d\u00e9position lors de l&#8217;enqu\u00eate, Rocher pr\u00e9cise qu&#8217;il n&#8217;a jamais revu Pierre apr\u00e8s la r\u00e9union chez Legrand lors de la signature du contrat. Dans les deux affaires, Cadiou et Seznec, Julien Legrand a le privil\u00e8ge d&#8217;\u00eatre le dernier \u00e0 avoir eu chez lui, \u00e0 10 ans d&#8217;\u00e9cart, la visite de Pierre et Seznec avant qu&#8217;ils soient suspect\u00e9s.\u00a0<em><br \/>\n<span style=\"font-size: 8pt;\">(source documents : AD29)<\/span><\/em><\/p>\n<p style=\"text-align: center;\"><img loading=\"lazy\" decoding=\"async\" class=\"aligncenter wp-image-2511\" style=\"text-align: start;\" src=\"https:\/\/affaire-cadiou-seznec.fr\/wp-content\/uploads\/2025\/05\/courrier070114-pierre.jpg\" alt=\"\" width=\"782\" height=\"991\" srcset=\"https:\/\/affaire-cadiou-seznec.fr\/wp-content\/uploads\/2025\/05\/courrier070114-pierre.jpg 971w, https:\/\/affaire-cadiou-seznec.fr\/wp-content\/uploads\/2025\/05\/courrier070114-pierre-237x300.jpg 237w, https:\/\/affaire-cadiou-seznec.fr\/wp-content\/uploads\/2025\/05\/courrier070114-pierre-808x1024.jpg 808w, https:\/\/affaire-cadiou-seznec.fr\/wp-content\/uploads\/2025\/05\/courrier070114-pierre-768x974.jpg 768w\" sizes=\"auto, (max-width: 782px) 100vw, 782px\" \/><\/p>\n<p>&nbsp;<\/p>\n<p style=\"text-align: center;\"><img loading=\"lazy\" decoding=\"async\" class=\"aligncenter wp-image-2512\" src=\"https:\/\/affaire-cadiou-seznec.fr\/wp-content\/uploads\/2025\/05\/denoncontra-pierre.jpg\" alt=\"\" width=\"785\" height=\"1035\" srcset=\"https:\/\/affaire-cadiou-seznec.fr\/wp-content\/uploads\/2025\/05\/denoncontra-pierre.jpg 1131w, https:\/\/affaire-cadiou-seznec.fr\/wp-content\/uploads\/2025\/05\/denoncontra-pierre-228x300.jpg 228w, https:\/\/affaire-cadiou-seznec.fr\/wp-content\/uploads\/2025\/05\/denoncontra-pierre-777x1024.jpg 777w, https:\/\/affaire-cadiou-seznec.fr\/wp-content\/uploads\/2025\/05\/denoncontra-pierre-768x1012.jpg 768w\" sizes=\"auto, (max-width: 785px) 100vw, 785px\" \/><\/p>\n<p>&nbsp;<\/p>\n","protected":false},"excerpt":{"rendered":"<p>&#8230;. quand l&#8217;\u00e9criture, \u00e0 7 jours d&#8217;intervalle,\u00a0 trahit les \u00e9motions et l&#8217;embarras Je soumets \u00e0 votre r\u00e9flexion deux copies de courriers de l&#8217;ing\u00e9nieur Pierre. Ils sont dat\u00e9s du 7 janvier 1914 pour l&#8217;un et du 14 pour l&#8217;autre, tr\u00e8s peu de temps apr\u00e8s la disparition inexpliqu\u00e9e de Cadiou (30 d\u00e9cembre). Le premier s&#8217;adresse \u00e0 un <a class=\"read-more\" href=\"https:\/\/affaire-cadiou-seznec.fr\/?p=2509\">Read more<\/a><\/p>\n","protected":false},"author":1,"featured_media":0,"comment_status":"open","ping_status":"closed","sticky":false,"template":"","format":"standard","meta":{"footnotes":""},"categories":[1],"tags":[],"class_list":["post-2509","post","type-post","status-publish","format-standard","hentry","category-uncategorized","wpautop"],"_links":{"self":[{"href":"https:\/\/affaire-cadiou-seznec.fr\/index.php?rest_route=\/wp\/v2\/posts\/2509","targetHints":{"allow":["GET"]}}],"collection":[{"href":"https:\/\/affaire-cadiou-seznec.fr\/index.php?rest_route=\/wp\/v2\/posts"}],"about":[{"href":"https:\/\/affaire-cadiou-seznec.fr\/index.php?rest_route=\/wp\/v2\/types\/post"}],"author":[{"embeddable":true,"href":"https:\/\/affaire-cadiou-seznec.fr\/index.php?rest_route=\/wp\/v2\/users\/1"}],"replies":[{"embeddable":true,"href":"https:\/\/affaire-cadiou-seznec.fr\/index.php?rest_route=%2Fwp%2Fv2%2Fcomments&post=2509"}],"version-history":[{"count":12,"href":"https:\/\/affaire-cadiou-seznec.fr\/index.php?rest_route=\/wp\/v2\/posts\/2509\/revisions"}],"predecessor-version":[{"id":2513,"href":"https:\/\/affaire-cadiou-seznec.fr\/index.php?rest_route=\/wp\/v2\/posts\/2509\/revisions\/2513"}],"wp:attachment":[{"href":"https:\/\/affaire-cadiou-seznec.fr\/index.php?rest_route=%2Fwp%2Fv2%2Fmedia&parent=2509"}],"wp:term":[{"taxonomy":"category","embeddable":true,"href":"https:\/\/affaire-cadiou-seznec.fr\/index.php?rest_route=%2Fwp%2Fv2%2Fcategories&post=2509"},{"taxonomy":"post_tag","embeddable":true,"href":"https:\/\/affaire-cadiou-seznec.fr\/index.php?rest_route=%2Fwp%2Fv2%2Ftags&post=2509"}],"curies":[{"name":"wp","href":"https:\/\/api.w.org\/{rel}","templated":true}]}}