{"id":2533,"date":"2025-06-23T09:13:47","date_gmt":"2025-06-23T09:13:47","guid":{"rendered":"https:\/\/affaire-cadiou-seznec.fr\/?p=2533"},"modified":"2025-06-24T20:10:02","modified_gmt":"2025-06-24T20:10:02","slug":"et-si-on-elargissait-le-sujet","status":"publish","type":"post","link":"https:\/\/affaire-cadiou-seznec.fr\/?p=2533","title":{"rendered":"&#8230; et si on \u00e9largissait le sujet ?"},"content":{"rendered":"<p style=\"text-align: justify;\"><span style=\"font-family: arial, helvetica, sans-serif; color: #003300;\"><strong><span style=\"font-size: 10pt;\"><em>[pr\u00e9ambule : de nouveau, les \u00e9changes par claviers interpos\u00e9s deviennent d\u00e9licats. Question actualit\u00e9,\u00a0 l&#8217;Affaire Seznec n&#8217;est pas en reste et a \u00e9galement son guide supr\u00eame qui veille sur une bonne tenue des d\u00e9bats. Probl\u00e8me cependant, cela conduit au n\u00e9ant, le d\u00e9nigrement et la calomnie ne menant \u00e0 rien de bon, ici comme ailleurs. J&#8217;ai d\u00e9j\u00e0 eu l&#8217;occasion d&#8217;\u00e9voquer le sujet, en vain, je m&#8217;abstiendrai donc d&#8217;en rajouter. ]<\/em><\/span><\/strong><\/span><\/p>\n<p style=\"text-align: justify;\"><span style=\"font-family: 'trebuchet ms', geneva, sans-serif;\"><strong>Plus de cent ans apr\u00e8s les faits, rien ne permet de prouver la culpabilit\u00e9 de Louis Pierre et de Guillaume Seznec, leur innocence non plus rajouterons certains. A ce jour, aucune hypoth\u00e8se cr\u00e9dible pouvant lever les doutes ne tient la corde. On en est encore \u00e0 discuter des horaires de trains, de bateaux, de mar\u00e9es et des probl\u00e8mes de vue des t\u00e9moins. Alors, comment renouveler le genre, comment sortir des commissions rogatoires, des pv d&#8217;audition, des dossiers d&#8217;enqu\u00eates&#8230; ? Peut-\u00eatre en allant voir ailleurs&#8230; sous le tapis, en \u00e9tant curieux de tout et surtout, en \u00e9vitant tout avis p\u00e9remptoire ass\u00e9n\u00e9 sans preuve. Le doute, \u00e0 ce stade, est plus qu&#8217;une qualit\u00e9, une obligation.<\/strong><\/span><\/p>\n<p style=\"text-align: justify;\"><span style=\"font-family: 'trebuchet ms', geneva, sans-serif;\"><strong>Les instructions des deux affaires ont \u00e9t\u00e9 bien verrouill\u00e9es d\u00e8s le d\u00e9part, comme sans doute d&#8217;autres de l&#8217;\u00e9poque. Dire qu&#8217;elles ont \u00e9t\u00e9 bien men\u00e9es est pour le moins os\u00e9, passons. Les exemples qui prouvent le contraire sont nombreux. Ci-dessous, nous prendrons un premier exemple qui, curieusement, a \u00e9chapp\u00e9 \u00e0 tous les commentateurs et dont l&#8217;\u00e9vidence ne n\u00e9cessitait pas\u00a0 un d\u00e9placement \u00e0 Washington ou Moscou pour consultation d&#8217;archives secr\u00e8tes.<\/strong><\/span><\/p>\n<p style=\"text-align: justify;\"><span style=\"font-family: 'trebuchet ms', geneva, sans-serif;\"><strong><span style=\"color: #003300;\">La Banque Priv\u00e9e Coloniale\u00a0 :<\/span> il s&#8217;agit d&#8217;une des nombreuses soci\u00e9t\u00e9s-bidon cr\u00e9\u00e9es par &#8220;l&#8217;entrepreneur&#8221; Jean Maximin Gaston Vacqui\u00e9. Elle est celle qui concerne le plus l&#8217;Affaire Seznec, puisque Pierre Qu\u00e9m\u00e9ner, selon l&#8217;enqu\u00eate, \u00e9tait pressenti pour prendre la direction d&#8217;une de ses agences.<\/strong><\/span><br \/>\n<span style=\"font-family: 'trebuchet ms', geneva, sans-serif;\"><strong>A sa cr\u00e9ation, la publicit\u00e9 l\u00e9gale para\u00eet dans La D\u00e9p\u00eache de Brest et nous donne les d\u00e9tails de ses statuts. On peut y lire que son capital de d\u00e9part se constitue en partie de la reprise de la Banque Nationale de l&#8217;Ouest, cr\u00e9\u00e9e \u00e0 Landerneau par Jean Besseyre des Horts. Premier probl\u00e8me, Jean &#8220;le banquier&#8221; existe bien mais la banque est le fruit de son imagination. En fait, cela sert uniquement \u00e0 cr\u00e9dibiliser la nouvelle banque. Celle-ci prend ses quartiers au 7, rue de l&#8217;Amiral Linois, \u00e0 Brest. soit \u00e0 deux pas de l&#8217;annexe de la blanchisserie Seznec situ\u00e9e au 3.<\/strong><\/span><br \/>\n<span style=\"font-family: 'trebuchet ms', geneva, sans-serif;\"><strong>A sa cr\u00e9ation, sont nomm\u00e9s administrateurs : Gaston Vacqui\u00e9, Jean Besseyre des Horts, Emile Clet et Henri Blond.<\/strong><\/span><br \/>\n<span style=\"font-family: 'trebuchet ms', geneva, sans-serif;\"><strong>Attardons-nous un instant sur le camarade Blond. Henri na\u00eet en mars 1892 \u00e0 Paris XVe, son p\u00e8re, Alphonse, se d\u00e9clare comme comptable. Vacqui\u00e9 int\u00e9resse Blond \u00e0 nombre de ses soci\u00e9t\u00e9s \u00e9ph\u00e9m\u00e8res. Les d\u00e9boires et les ennuis successifs de Vacqui\u00e9\u00a0 incitent Blond \u00e0 se mettre au vert. On le retrouve ainsi du c\u00f4t\u00e9 de Toulouse en 1926, mais le fait de c\u00f4toyer l&#8217;ami Vacqui\u00e9 lui ayant sans doute donn\u00e9 de mauvaises habitudes, il se laisse aller \u00e0 la facilit\u00e9 et \u00e0 la banale escroquerie. Et le voil\u00e0 qui r\u00e9appara\u00eet indirectement dans le Finist\u00e8re, du c\u00f4t\u00e9 de Saint Pol de L\u00e9on, en affaires douteuses une nouvelle fois avec un certain Lavigne.<\/strong><\/span><br \/>\n<span style=\"font-family: 'trebuchet ms', geneva, sans-serif;\"><strong>Jusque l\u00e0, rien de palpitant, avec Vacqui\u00e9 et les personnages de son r\u00e9seau il y a de quoi \u00e9crire quelques chapitres. Mais pour se rendre compte de l&#8217;imbrication des pi\u00e8ces du puzzle et de tenter des explications relatives \u00e0 la mansu\u00e9tude apparente de la justice \u00e0 son \u00e9gard, il est utile de prendre son temps et de rapprocher patiemment les \u00e9l\u00e9ments.<\/strong><\/span><br \/>\n<span style=\"font-family: 'trebuchet ms', geneva, sans-serif;\"><strong>Dans le cas pr\u00e9sent, au moment o\u00f9 Vacqui\u00e9 fait feu de tout bois et implique Blond dans ses affaires mirobolantes, ce dernier demeure \u00e0 une adresse bien particuli\u00e8re, \u00e0 Saint Martin de R\u00e9, au centre des for\u00e7ats par lequel a transit\u00e9 Guillaume Seznec. Habituellement, on n&#8217;y r\u00e9side pas par hasard, alors, quel d\u00e9lit en ce qui le concerne\u00a0 ?\u00a0 Aucun, c&#8217;est uniquement pour raison familiale, Henri est tout simplement le fils d&#8217;Alphonse, le directeur du centre p\u00e9nitentiaire.<br \/>\n<\/strong><\/span><span style=\"font-family: 'trebuchet ms', geneva, sans-serif;\"><strong>Tr\u00e8s fort, trop fort&#8230; le gars Vacqui\u00e9&#8230; on en reparle sous peu.<\/strong><\/span><\/p>\n<p><span style=\"font-family: 'trebuchet ms', geneva, sans-serif;\"><strong>&#8230; sur sa fiche matricule (ci-dessous), c&#8217;est bien Saint Martin de R\u00e9 qui est mentionn\u00e9e &#8211; sur son acte de mariage, il est r\u00e9sident au 3\/5 rue Vandamme (adresse souvent mentionn\u00e9e dans les activit\u00e9s diverses de l&#8217;\u00e9quipe dynamique de Gaston)<\/strong><\/span><\/p>\n<p><img loading=\"lazy\" decoding=\"async\" class=\"aligncenter\" src=\"https:\/\/affaire-cadiou-seznec.fr\/wp-content\/uploads\/2025\/06\/RM-Blond-Henri-1-2-scaled.jpg\" alt=\"\" width=\"557\" height=\"856\" \/><\/p>\n<p>&nbsp;<\/p>\n","protected":false},"excerpt":{"rendered":"<p>[pr\u00e9ambule : de nouveau, les \u00e9changes par claviers interpos\u00e9s deviennent d\u00e9licats. Question actualit\u00e9,\u00a0 l&#8217;Affaire Seznec n&#8217;est pas en reste et a \u00e9galement son guide supr\u00eame qui veille sur une bonne tenue des d\u00e9bats. Probl\u00e8me cependant, cela conduit au n\u00e9ant, le d\u00e9nigrement et la calomnie ne menant \u00e0 rien de bon, ici comme ailleurs. J&#8217;ai d\u00e9j\u00e0 <a class=\"read-more\" href=\"https:\/\/affaire-cadiou-seznec.fr\/?p=2533\">Read more<\/a><\/p>\n","protected":false},"author":1,"featured_media":0,"comment_status":"open","ping_status":"closed","sticky":false,"template":"","format":"standard","meta":{"footnotes":""},"categories":[1],"tags":[],"class_list":["post-2533","post","type-post","status-publish","format-standard","hentry","category-uncategorized","wpautop"],"_links":{"self":[{"href":"https:\/\/affaire-cadiou-seznec.fr\/index.php?rest_route=\/wp\/v2\/posts\/2533","targetHints":{"allow":["GET"]}}],"collection":[{"href":"https:\/\/affaire-cadiou-seznec.fr\/index.php?rest_route=\/wp\/v2\/posts"}],"about":[{"href":"https:\/\/affaire-cadiou-seznec.fr\/index.php?rest_route=\/wp\/v2\/types\/post"}],"author":[{"embeddable":true,"href":"https:\/\/affaire-cadiou-seznec.fr\/index.php?rest_route=\/wp\/v2\/users\/1"}],"replies":[{"embeddable":true,"href":"https:\/\/affaire-cadiou-seznec.fr\/index.php?rest_route=%2Fwp%2Fv2%2Fcomments&post=2533"}],"version-history":[{"count":12,"href":"https:\/\/affaire-cadiou-seznec.fr\/index.php?rest_route=\/wp\/v2\/posts\/2533\/revisions"}],"predecessor-version":[{"id":2553,"href":"https:\/\/affaire-cadiou-seznec.fr\/index.php?rest_route=\/wp\/v2\/posts\/2533\/revisions\/2553"}],"wp:attachment":[{"href":"https:\/\/affaire-cadiou-seznec.fr\/index.php?rest_route=%2Fwp%2Fv2%2Fmedia&parent=2533"}],"wp:term":[{"taxonomy":"category","embeddable":true,"href":"https:\/\/affaire-cadiou-seznec.fr\/index.php?rest_route=%2Fwp%2Fv2%2Fcategories&post=2533"},{"taxonomy":"post_tag","embeddable":true,"href":"https:\/\/affaire-cadiou-seznec.fr\/index.php?rest_route=%2Fwp%2Fv2%2Ftags&post=2533"}],"curies":[{"name":"wp","href":"https:\/\/api.w.org\/{rel}","templated":true}]}}