{"id":2602,"date":"2025-07-01T18:43:11","date_gmt":"2025-07-01T18:43:11","guid":{"rendered":"https:\/\/affaire-cadiou-seznec.fr\/?p=2602"},"modified":"2025-07-03T20:22:32","modified_gmt":"2025-07-03T20:22:32","slug":"les-stocks-interessent-bien-seznec-mais-pas-le-tribunal","status":"publish","type":"post","link":"https:\/\/affaire-cadiou-seznec.fr\/?p=2602","title":{"rendered":"&#8230; les stocks int\u00e9ressent bien Seznec, mais pas le tribunal."},"content":{"rendered":"<p style=\"text-align: justify;\">On a tous en t\u00eate la belle cadillac laiss\u00e9e par Seznec un soir chez un cousin de Ploeven (comment a t-il rejoint Traon-Velin ?). Une enqu\u00eate fut men\u00e9e, Seznec s&#8217;embarqua dans des explications tortueuses pas faciles \u00e0 suivre qui menaient les enqu\u00eateurs vers une adresse-fant\u00f4me \u00e0 Annecy, rien de bien convaincant et en final il s&#8217;en tira \u00e0 bon compte. Il est une autre histoire qui ne figure pas au dossier de proc\u00e9dure de Quimper, pourtant il y eut bien enqu\u00eate, t\u00e9moignages, rapport.. mais sans suite. Faut dire qu&#8217;au service de la direction des stocks de Brest, on s&#8217;affairait beaucoup dans le trafic de tabac et on ne peut pas \u00eatre au four et au moulin. Ce n&#8217;est pas l&#8217;intendant Marchadour qui nous contredira.<\/p>\n<p style=\"text-align: justify;\">Alors, de quoi s&#8217;agit-il ? &#8211; une histoire de v\u00e9hicules aux num\u00e9ros de chassis et moteur &#8220;gomm\u00e9s&#8221;, d&#8217;une Dodge &#8220;exfiltr\u00e9e&#8221; des stocks qui subit une embard\u00e9e sur le trajet Brest\/Morlaix, avec d\u00e9g\u00e2ts cons\u00e9quents n\u00e9cessitant l&#8217;intervention sur le secteur morlaisien de confr\u00e8res m\u00e9canos, une entourloupe de Seznec abusant de l&#8217;honn\u00eatet\u00e9 de son acheteur Tanquerey&#8230; bref, un cas servant d&#8217;exemple pour saisir les fa\u00e7ons de n\u00e9gocier, un tantinet border-line, de Guillaume Seznec, cela se r\u00e9sumant \u00e0 du grand n&#8217;importe quoi !<\/p>\n<p style=\"text-align: justify;\">Les faits et les t\u00e9moignages des personnes concern\u00e9es auraient m\u00e9rit\u00e9 mieux que l&#8217;indiff\u00e9rence de la justice d&#8217;autant que compar\u00e9 au myst\u00e8re de la Cadillac de Ploeven, cela semblait plus solide et argument\u00e9. Une preuve de mansu\u00e9tude compte tenu d&#8217;une barque d\u00e9j\u00e0 bien charg\u00e9e ? Chacun se fera une opinion&#8230;<\/p>\n<p><span style=\"font-size: 10pt;\"><em>(source documents : Archives Nationales)<\/em><\/span><\/p>\n<table class=\"wp-list-table widefat fixed striped table-view-list posts\">\n<tbody id=\"the-list\">\n<tr id=\"post-2624\" class=\"iedit author-self level-0 post-2624 type-envira status-publish hentry wpautop\">\n<td class=\"shortcode column-shortcode\" data-colname=\"Shortcode\"><style type=\"text\/css\">\r\n\t#foogallery-gallery-2637 .fg-image {\r\n        width: 150px;\r\n    }\r\n<\/style>\r\n\t\t\t\t<div class=\"foogallery foogallery-container foogallery-default foogallery-lightbox-foogallery fg-gutter-10 fg-center fg-default fg-light fg-border-thin fg-shadow-small fg-loading-default fg-loaded-fade-in fg-hover-fade fg-hover-zoom fg-ready\" id=\"foogallery-gallery-2637\" data-foogallery=\"{&quot;item&quot;:{&quot;showCaptionTitle&quot;:false,&quot;showCaptionDescription&quot;:false},&quot;lazy&quot;:true}\" data-foogallery-lightbox=\"{&quot;thumbs&quot;:&quot;bottom&quot;,&quot;thumbsCaptions&quot;:false,&quot;thumbsBestFit&quot;:false,&quot;thumbsSmall&quot;:false,&quot;thumbsCaptionsAlign&quot;:&quot;default&quot;,&quot;info&quot;:&quot;bottom&quot;,&quot;infoVisible&quot;:true,&quot;infoOverlay&quot;:true,&quot;infoAlign&quot;:&quot;default&quot;,&quot;transition&quot;:&quot;fade&quot;,&quot;hoverButtons&quot;:false,&quot;fitMedia&quot;:false,&quot;noScrollbars&quot;:true,&quot;preserveButtonSpace&quot;:true,&quot;buttons&quot;:{&quot;fullscreen&quot;:true,&quot;info&quot;:true,&quot;thumbs&quot;:false},&quot;video&quot;:{&quot;autoPlay&quot;:true}}\" >\r\n\t<div class=\"fg-item fg-type-image fg-idle\"><figure class=\"fg-item-inner\"><a href=\"https:\/\/affaire-cadiou-seznec.fr\/wp-content\/uploads\/2025\/07\/tanqu-1-scaled.jpg\" data-attachment-id=\"2619\" data-type=\"image\" class=\"fg-thumb\"><span class=\"fg-image-wrap\"><img decoding=\"async\" width=\"150\" height=\"150\" class=\"skip-lazy fg-image\" data-src-fg=\"https:\/\/affaire-cadiou-seznec.fr\/wp-content\/uploads\/cache\/2025\/07\/tanqu-1-scaled\/910257011.jpg\" data-srcset-fg=\"https:\/\/affaire-cadiou-seznec.fr\/wp-content\/uploads\/cache\/2025\/07\/tanqu-1-scaled\/3831152236.jpg 2x\" src=\"data:image\/svg+xml,%3Csvg%20xmlns%3D%22http%3A%2F%2Fwww.w3.org%2F2000%2Fsvg%22%20width%3D%22150%22%20height%3D%22150%22%20viewBox%3D%220%200%20150%20150%22%3E%3C%2Fsvg%3E\" loading=\"eager\"><\/span><span class=\"fg-image-overlay\"><\/span><\/a><figcaption class=\"fg-caption\"><div class=\"fg-caption-inner\"><\/div><\/figcaption><\/figure><div class=\"fg-loader\"><\/div><\/div><div class=\"fg-item fg-type-image fg-idle\"><figure class=\"fg-item-inner\"><a href=\"https:\/\/affaire-cadiou-seznec.fr\/wp-content\/uploads\/2025\/07\/tanqu-2-scaled.jpg\" data-attachment-id=\"2617\" data-type=\"image\" class=\"fg-thumb\"><span class=\"fg-image-wrap\"><img decoding=\"async\" width=\"150\" height=\"150\" class=\"skip-lazy fg-image\" data-src-fg=\"https:\/\/affaire-cadiou-seznec.fr\/wp-content\/uploads\/cache\/2025\/07\/tanqu-2-scaled\/257872429.jpg\" data-srcset-fg=\"https:\/\/affaire-cadiou-seznec.fr\/wp-content\/uploads\/cache\/2025\/07\/tanqu-2-scaled\/3712288562.jpg 2x\" src=\"data:image\/svg+xml,%3Csvg%20xmlns%3D%22http%3A%2F%2Fwww.w3.org%2F2000%2Fsvg%22%20width%3D%22150%22%20height%3D%22150%22%20viewBox%3D%220%200%20150%20150%22%3E%3C%2Fsvg%3E\" loading=\"eager\"><\/span><span class=\"fg-image-overlay\"><\/span><\/a><figcaption class=\"fg-caption\"><div class=\"fg-caption-inner\"><\/div><\/figcaption><\/figure><div class=\"fg-loader\"><\/div><\/div><div class=\"fg-item fg-type-image fg-idle\"><figure class=\"fg-item-inner\"><a href=\"https:\/\/affaire-cadiou-seznec.fr\/wp-content\/uploads\/2025\/07\/tanq3-scaled.jpg\" data-attachment-id=\"2618\" data-type=\"image\" class=\"fg-thumb\"><span class=\"fg-image-wrap\"><img decoding=\"async\" width=\"150\" height=\"150\" class=\"skip-lazy fg-image\" data-src-fg=\"https:\/\/affaire-cadiou-seznec.fr\/wp-content\/uploads\/cache\/2025\/07\/tanq3-scaled\/2515146402.jpg\" data-srcset-fg=\"https:\/\/affaire-cadiou-seznec.fr\/wp-content\/uploads\/cache\/2025\/07\/tanq3-scaled\/2848421245.jpg 2x\" src=\"data:image\/svg+xml,%3Csvg%20xmlns%3D%22http%3A%2F%2Fwww.w3.org%2F2000%2Fsvg%22%20width%3D%22150%22%20height%3D%22150%22%20viewBox%3D%220%200%20150%20150%22%3E%3C%2Fsvg%3E\" loading=\"eager\"><\/span><span class=\"fg-image-overlay\"><\/span><\/a><figcaption class=\"fg-caption\"><div class=\"fg-caption-inner\"><\/div><\/figcaption><\/figure><div class=\"fg-loader\"><\/div><\/div><div class=\"fg-item fg-type-image fg-idle\"><figure class=\"fg-item-inner\"><a href=\"https:\/\/affaire-cadiou-seznec.fr\/wp-content\/uploads\/2025\/07\/tanq4-scaled.jpg\" data-attachment-id=\"2620\" data-type=\"image\" class=\"fg-thumb\"><span class=\"fg-image-wrap\"><img decoding=\"async\" width=\"150\" height=\"150\" class=\"skip-lazy fg-image\" data-src-fg=\"https:\/\/affaire-cadiou-seznec.fr\/wp-content\/uploads\/cache\/2025\/07\/tanq4-scaled\/4104150667.jpg\" data-srcset-fg=\"https:\/\/affaire-cadiou-seznec.fr\/wp-content\/uploads\/cache\/2025\/07\/tanq4-scaled\/3364699476.jpg 2x\" src=\"data:image\/svg+xml,%3Csvg%20xmlns%3D%22http%3A%2F%2Fwww.w3.org%2F2000%2Fsvg%22%20width%3D%22150%22%20height%3D%22150%22%20viewBox%3D%220%200%20150%20150%22%3E%3C%2Fsvg%3E\" loading=\"eager\"><\/span><span class=\"fg-image-overlay\"><\/span><\/a><figcaption class=\"fg-caption\"><div class=\"fg-caption-inner\"><\/div><\/figcaption><\/figure><div class=\"fg-loader\"><\/div><\/div><div class=\"fg-item fg-type-image fg-idle\"><figure class=\"fg-item-inner\"><a href=\"https:\/\/affaire-cadiou-seznec.fr\/wp-content\/uploads\/2025\/07\/tanq5-scaled.jpg\" data-attachment-id=\"2621\" data-type=\"image\" class=\"fg-thumb\"><span class=\"fg-image-wrap\"><img decoding=\"async\" width=\"150\" height=\"150\" class=\"skip-lazy fg-image\" data-src-fg=\"https:\/\/affaire-cadiou-seznec.fr\/wp-content\/uploads\/cache\/2025\/07\/tanq5-scaled\/4054655148.jpg\" data-srcset-fg=\"https:\/\/affaire-cadiou-seznec.fr\/wp-content\/uploads\/cache\/2025\/07\/tanq5-scaled\/3447735155.jpg 2x\" src=\"data:image\/svg+xml,%3Csvg%20xmlns%3D%22http%3A%2F%2Fwww.w3.org%2F2000%2Fsvg%22%20width%3D%22150%22%20height%3D%22150%22%20viewBox%3D%220%200%20150%20150%22%3E%3C%2Fsvg%3E\" loading=\"eager\"><\/span><span class=\"fg-image-overlay\"><\/span><\/a><figcaption class=\"fg-caption\"><div class=\"fg-caption-inner\"><\/div><\/figcaption><\/figure><div class=\"fg-loader\"><\/div><\/div><div class=\"fg-item fg-type-image fg-idle\"><figure class=\"fg-item-inner\"><a href=\"https:\/\/affaire-cadiou-seznec.fr\/wp-content\/uploads\/2025\/07\/tanq6-scaled.jpg\" data-attachment-id=\"2623\" data-type=\"image\" class=\"fg-thumb\"><span class=\"fg-image-wrap\"><img decoding=\"async\" width=\"150\" height=\"150\" class=\"skip-lazy fg-image\" data-src-fg=\"https:\/\/affaire-cadiou-seznec.fr\/wp-content\/uploads\/cache\/2025\/07\/tanq6-scaled\/1112278794.jpg\" data-srcset-fg=\"https:\/\/affaire-cadiou-seznec.fr\/wp-content\/uploads\/cache\/2025\/07\/tanq6-scaled\/2120312021.jpg 2x\" src=\"data:image\/svg+xml,%3Csvg%20xmlns%3D%22http%3A%2F%2Fwww.w3.org%2F2000%2Fsvg%22%20width%3D%22150%22%20height%3D%22150%22%20viewBox%3D%220%200%20150%20150%22%3E%3C%2Fsvg%3E\" loading=\"eager\"><\/span><span class=\"fg-image-overlay\"><\/span><\/a><figcaption class=\"fg-caption\"><div class=\"fg-caption-inner\"><\/div><\/figcaption><\/figure><div class=\"fg-loader\"><\/div><\/div><\/div>\r\n<\/td>\n<td class=\"posts column-posts\" data-colname=\"Posts\"><\/td>\n<\/tr>\n<\/tbody>\n<\/table>\n","protected":false},"excerpt":{"rendered":"<p>On a tous en t\u00eate la belle cadillac laiss\u00e9e par Seznec un soir chez un cousin de Ploeven (comment a t-il rejoint Traon-Velin ?). Une enqu\u00eate fut men\u00e9e, Seznec s&#8217;embarqua dans des explications tortueuses pas faciles \u00e0 suivre qui menaient les enqu\u00eateurs vers une adresse-fant\u00f4me \u00e0 Annecy, rien de bien convaincant et en final il <a class=\"read-more\" href=\"https:\/\/affaire-cadiou-seznec.fr\/?p=2602\">Read more<\/a><\/p>\n","protected":false},"author":1,"featured_media":0,"comment_status":"open","ping_status":"closed","sticky":false,"template":"","format":"standard","meta":{"footnotes":""},"categories":[1],"tags":[],"class_list":["post-2602","post","type-post","status-publish","format-standard","hentry","category-uncategorized","wpautop"],"_links":{"self":[{"href":"https:\/\/affaire-cadiou-seznec.fr\/index.php?rest_route=\/wp\/v2\/posts\/2602","targetHints":{"allow":["GET"]}}],"collection":[{"href":"https:\/\/affaire-cadiou-seznec.fr\/index.php?rest_route=\/wp\/v2\/posts"}],"about":[{"href":"https:\/\/affaire-cadiou-seznec.fr\/index.php?rest_route=\/wp\/v2\/types\/post"}],"author":[{"embeddable":true,"href":"https:\/\/affaire-cadiou-seznec.fr\/index.php?rest_route=\/wp\/v2\/users\/1"}],"replies":[{"embeddable":true,"href":"https:\/\/affaire-cadiou-seznec.fr\/index.php?rest_route=%2Fwp%2Fv2%2Fcomments&post=2602"}],"version-history":[{"count":15,"href":"https:\/\/affaire-cadiou-seznec.fr\/index.php?rest_route=\/wp\/v2\/posts\/2602\/revisions"}],"predecessor-version":[{"id":2664,"href":"https:\/\/affaire-cadiou-seznec.fr\/index.php?rest_route=\/wp\/v2\/posts\/2602\/revisions\/2664"}],"wp:attachment":[{"href":"https:\/\/affaire-cadiou-seznec.fr\/index.php?rest_route=%2Fwp%2Fv2%2Fmedia&parent=2602"}],"wp:term":[{"taxonomy":"category","embeddable":true,"href":"https:\/\/affaire-cadiou-seznec.fr\/index.php?rest_route=%2Fwp%2Fv2%2Fcategories&post=2602"},{"taxonomy":"post_tag","embeddable":true,"href":"https:\/\/affaire-cadiou-seznec.fr\/index.php?rest_route=%2Fwp%2Fv2%2Ftags&post=2602"}],"curies":[{"name":"wp","href":"https:\/\/api.w.org\/{rel}","templated":true}]}}