{"id":316,"date":"2014-04-02T08:02:21","date_gmt":"2014-04-02T08:02:21","guid":{"rendered":"http:\/\/affaire-seznec.w.pw\/?p=316"},"modified":"2018-04-05T12:01:37","modified_gmt":"2018-04-05T12:01:37","slug":"revision-de-la-loi-penale-une-aubaine-pour-le-dossier-seznec-pas-sur","status":"publish","type":"post","link":"https:\/\/affaire-cadiou-seznec.fr\/?p=316","title":{"rendered":"R\u00e9vision de la loi p\u00e9nale : une aubaine pour la r\u00e9vision du dossier Seznec ? &#8211; pas s\u00fbr&#8230;"},"content":{"rendered":"<p style=\"text-align: justify;\" align=\"JUSTIFY\"><span style=\"font-family: arial,helvetica,sans-serif;\"><strong>Le 9 d\u00e9cembre 2013, en marge d&#8217;une conf\u00e9rence \u00e0 Etel, Denis Seznec s&#8217;exprimait dans la presse\u00a0: <em>\u00ab Moralement, c&#8217;est d\u00e9j\u00e0 gagn\u00e9, mais c&#8217;est s\u00fbr, mon grand-p\u00e8re sera r\u00e9habilit\u00e9 \u00bb, affirme-t-il aujourd&#8217;hui\u00a0avec une assurance confort\u00e9e par l&#8217;annonce r\u00e9cente d&#8217;une proposition de loi visant la r\u00e9vision des condamnations p\u00e9nales, qui b\u00e9n\u00e9ficie du soutien du Garde des sceaux, et qui sera pr\u00e9sent\u00e9e \u00e0 l&#8217;assembl\u00e9e nationale, le 27 f\u00e9vrier 2014<\/em> (Le T\u00e9l\u00e9gramme)<em>.<\/em><\/strong><\/span><\/p>\n<p style=\"text-align: justify;\" align=\"JUSTIFY\"><span style=\"font-family: arial,helvetica,sans-serif;\"><strong>Depuis, le texte de projet de loi a \u00e9t\u00e9 pr\u00e9sent\u00e9 devant les parlementaires (une maigre poign\u00e9e de d\u00e9put\u00e9s) et doit \u00eatre prochainement d\u00e9battu (Assembl\u00e9e Nationale, puis S\u00e9nat), avant de retourner vers l&#8217;Assembl\u00e9e pour son adoption finale.<\/strong><\/span><\/p>\n<p style=\"text-align: justify;\" align=\"JUSTIFY\"><span style=\"font-family: arial,helvetica,sans-serif;\"><strong>On est donc dans une situation tr\u00e8s favorable pour une possible demande de r\u00e9vision pour ce qui est du cas particulier de Guillaume Seznec. Avec de fortes chances d&#8217;aboutir si on s&#8217;en tient aux dires de son petit-fils.<\/strong><\/span><\/p>\n<p style=\"text-align: justify;\" align=\"JUSTIFY\"><span style=\"font-family: arial,helvetica,sans-serif;\"><strong>En cons\u00e9quence, la d\u00e9fense de Guillaume Seznec, l&#8217;association France-Justice devraient \u00eatre sur le pont pour pr\u00e9parer au mieux cette ni\u00e8me demande. Or, que constate t-on\u00a0?&#8230; silence radio, par la moindre communication sur le sujet. Denis Seznec, Jean-Marie Digout&#8230; bien bavards sur la question il y a encore peu de temps, se font bien discrets.<\/strong><\/span><\/p>\n<p style=\"text-align: justify;\" align=\"JUSTIFY\"><span style=\"font-family: arial,helvetica,sans-serif;\"><strong>Alors, on s&#8217;interroge\u00a0? Ces personnes, si s\u00fbres d&#8217;elles quant \u00e0 l&#8217;innocence de Guillaume Seznec, bien renseign\u00e9es sur le trafic des cadillacs, la participation de l&#8217;inspecteur Bonny \u00e0 une machination polici\u00e8re, l&#8217;intervention de de Gaulle pour la lib\u00e9ration du d\u00e9port\u00e9 Seznec&#8230; pourquoi diantre ne sont-elles pas en ce moment au four et au moulin\u00a0? On-elles opt\u00e9 pour la discr\u00e9tion, voire le secret, changeant ainsi radicalement de strat\u00e9gie en n\u00e9gligeant cette fois le poids de l&#8217;opinion publique\u00a0? Nous sommes quelques-uns, passionn\u00e9s pour cette affaire, atteints de perplexit\u00e9 aigu\u00eb. Et si la raison de cette discr\u00e9tion inhabituelle ne cachait pas un embarras inavouable\u00a0?<\/strong><\/span><\/p>\n<p style=\"text-align: justify;\" align=\"JUSTIFY\"><span style=\"font-family: arial,helvetica,sans-serif;\"><strong>En r\u00e9alit\u00e9, Denis Seznec et ses d\u00e9fenseurs ont peut-\u00eatre fr\u00f4l\u00e9 le sommet de l&#8217;Everest en 2006, mais il est \u00e0 craindre qu&#8217;aujourd&#8217;hui, gravir le Menez-Hom soit devenu une \u00e9preuve insurmontable. Pourquoi donc\u00a0? Pour une raison tr\u00e8s simple\u00a0: le battage m\u00e9diatique de 2005-2006 a eu pour cons\u00e9quence d&#8217;int\u00e9resser sur le sujet nombre de personnes, certaines ont insist\u00e9 et la consultation de nouvelles archives associ\u00e9e \u00e0 cet outil \u00ab\u00a0magique\u00a0\u00bb qu&#8217;est internet a ouvert des horizons &#8211; la curiosit\u00e9 finissant par payer.<\/strong><\/span><\/p>\n<p style=\"text-align: justify;\" align=\"JUSTIFY\"><span style=\"font-family: arial,helvetica,sans-serif;\"><strong>On ne peut r\u00e9p\u00e9ter inlassablement les m\u00eames idioties sans un jour devoir prouver. Pour exemple, on attend toujours le premier document donnant un peu de cr\u00e9dit au fameux trafic de cadillacs.<\/strong><\/span><\/p>\n<p style=\"text-align: justify;\" align=\"JUSTIFY\"><span style=\"font-family: arial,helvetica,sans-serif;\"><strong>Denis Seznec et ses soutiens ont de bonnes raisons d&#8217;\u00eatre soucieux. Le dossier de Guillaume Seznec s&#8217;est \u00e9paissi, compliquant et hypoth\u00e9quant cette ultime demande de r\u00e9vision et bloquant les sherpas de Plomodiern au camp de base N\u00b01, \u00e9tabli \u00e0 l&#8217;ombre de la chapelle Sainte-Marie, au pied du Menez-Hom.<\/strong><\/span><\/p>\n<p style=\"text-align: justify;\" align=\"JUSTIFY\"><span style=\"font-family: arial,helvetica,sans-serif;\"><strong>La famille et la d\u00e9fense de Guillaume Seznec se sont montr\u00e9es intransigeantes sur l&#8217;innocence du condamn\u00e9. L&#8217;avenir prouvera sans doute qu&#8217;il s&#8217;agissait d&#8217;une voie sans issue. Envisager une responsabilit\u00e9 partag\u00e9e, comme le pr\u00e9conisait Denis Langlois, aurait permis d&#8217;\u00e9largir le d\u00e9bat, l&#8217;ent\u00eatement dans la voie \u00ab\u00a0ni assassin, ni faussaire\u00a0\u00bb a conduit \u00e0 la situation actuelle, c&#8217;est-\u00e0-dire au fond de l&#8217;impasse.<\/strong><\/span><\/p>\n<p style=\"text-align: justify;\" align=\"JUSTIFY\"><span style=\"font-family: arial,helvetica,sans-serif;\"><strong>Toute demande de r\u00e9vision conduirait in\u00e9vitablement \u00e0 la communication &#8220;non contr\u00f4l\u00e9e&#8221; de nouveaux \u00e9l\u00e9ments probants peu favorables \u00e0 Guillaume Seznec, cela remettant en cause l&#8217;ensemble du dossier, <span style=\"color: #ff0000;\">il est quand m\u00eame un temps o\u00f9 l&#8217;histoire doit prendre le pas sur le roman.<\/span><\/strong><\/span><\/p>\n","protected":false},"excerpt":{"rendered":"<p>Le 9 d\u00e9cembre 2013, en marge d&#8217;une conf\u00e9rence \u00e0 Etel, Denis Seznec s&#8217;exprimait dans la presse\u00a0: \u00ab Moralement, c&#8217;est d\u00e9j\u00e0 gagn\u00e9, mais c&#8217;est s\u00fbr, mon grand-p\u00e8re sera r\u00e9habilit\u00e9 \u00bb, affirme-t-il aujourd&#8217;hui\u00a0avec une assurance confort\u00e9e par l&#8217;annonce r\u00e9cente d&#8217;une proposition de loi visant la r\u00e9vision des condamnations p\u00e9nales, qui b\u00e9n\u00e9ficie du soutien du Garde des sceaux, <a class=\"read-more\" href=\"https:\/\/affaire-cadiou-seznec.fr\/?p=316\">Read more<\/a><\/p>\n","protected":false},"author":1,"featured_media":0,"comment_status":"open","ping_status":"open","sticky":false,"template":"","format":"standard","meta":{"footnotes":""},"categories":[1],"tags":[],"class_list":["post-316","post","type-post","status-publish","format-standard","hentry","category-uncategorized","wpautop"],"_links":{"self":[{"href":"https:\/\/affaire-cadiou-seznec.fr\/index.php?rest_route=\/wp\/v2\/posts\/316","targetHints":{"allow":["GET"]}}],"collection":[{"href":"https:\/\/affaire-cadiou-seznec.fr\/index.php?rest_route=\/wp\/v2\/posts"}],"about":[{"href":"https:\/\/affaire-cadiou-seznec.fr\/index.php?rest_route=\/wp\/v2\/types\/post"}],"author":[{"embeddable":true,"href":"https:\/\/affaire-cadiou-seznec.fr\/index.php?rest_route=\/wp\/v2\/users\/1"}],"replies":[{"embeddable":true,"href":"https:\/\/affaire-cadiou-seznec.fr\/index.php?rest_route=%2Fwp%2Fv2%2Fcomments&post=316"}],"version-history":[{"count":0,"href":"https:\/\/affaire-cadiou-seznec.fr\/index.php?rest_route=\/wp\/v2\/posts\/316\/revisions"}],"wp:attachment":[{"href":"https:\/\/affaire-cadiou-seznec.fr\/index.php?rest_route=%2Fwp%2Fv2%2Fmedia&parent=316"}],"wp:term":[{"taxonomy":"category","embeddable":true,"href":"https:\/\/affaire-cadiou-seznec.fr\/index.php?rest_route=%2Fwp%2Fv2%2Fcategories&post=316"},{"taxonomy":"post_tag","embeddable":true,"href":"https:\/\/affaire-cadiou-seznec.fr\/index.php?rest_route=%2Fwp%2Fv2%2Ftags&post=316"}],"curies":[{"name":"wp","href":"https:\/\/api.w.org\/{rel}","templated":true}]}}