{"id":423,"date":"2014-10-08T14:25:13","date_gmt":"2014-10-08T14:25:13","guid":{"rendered":"http:\/\/affaire-seznec.w.pw\/?p=423"},"modified":"2018-04-05T12:01:09","modified_gmt":"2018-04-05T12:01:09","slug":"le-roman-familial-de-denis-seznec-prend-du-gite","status":"publish","type":"post","link":"https:\/\/affaire-cadiou-seznec.fr\/?p=423","title":{"rendered":"le roman familial de Denis Seznec prend du g\u00eete"},"content":{"rendered":"<p style=\"text-align: justify;\"><strong><i>Je quitte le petit s\u00e9minaire, je tombe amoureux, me marie, m&#8217;installe \u00e0 Plomodiern, puis \u00e0 Saint-Pierre de Quilbignon&#8230;<\/i><\/strong><\/p>\n<p style=\"text-align: justify;\">Reportons-nous aux pages 70-75 de <em>Nous les Seznec<\/em>. On y apprend que Guillaume, en raison d&#8217;un flirt (d\u00e9couvert) avec une lavandi\u00e8re, quitte pr\u00e9cipitamment le petit s\u00e9minaire de Pont-Croix pour aider aux travaux de la ferme familiale. Plus port\u00e9 vers la m\u00e9canique que vers les travaux des champs, il intervient un jour sur le m\u00e9canisme d&#8217;un moulin et comme, c&#8217;est bien connu, le meunier moud du grain, il fait la connaissance de la fille du grainetier local. Le rapport meunier\/grainetier est loin d&#8217;\u00eatre \u00e9vident, mais acceptons l&#8217;histoire, elle a le m\u00e9rite de s&#8217;\u00e9carter de la version classique du <em>baz valan<\/em> ou de celle du non moins r\u00e9put\u00e9<em> c&#8217;hemener<\/em> (le tailleur), tous deux entremetteurs &#8220;officiels&#8221; de l&#8217;\u00e9poque en Basse-Bretagne.<\/p>\n<p style=\"text-align: justify;\">Nous voici donc \u00e0 l&#8217;\u00e9t\u00e9 1906 avec un couple de perdreaux de l&#8217;ann\u00e9e, qui convole en justes noces lors d&#8217;une sorte de rave historique. Pensez donc : &#8220;<em>Pendant trois jours, plus de quinze cents personnes viennent, de toute la haute Cornouaille, danser au son de la cornemuse et des binious. Marie-Jeanne porte une robe de mari\u00e9e qu&#8217;elle a brod\u00e9e pendant des mois&#8230;.<\/em>&#8221; . Seul Denis Seznec a eu \u00e9cho de cette f\u00eate m\u00e9morable, tous les autres participants ayant sans doute \u00e9t\u00e9 frapp\u00e9s d&#8217;une amn\u00e9sie collective. On peut tenter une explication : l&#8217;effet possible du son de la cornemuse, jusqu&#8217;alors quasi inconnue en Bretagne et qu&#8217;on ne r\u00e9entendra localement, pour ce type de manifestations, \u00a0qu&#8217;apr\u00e8s 1940. Objection, me direz-vous, le biniou est un type de cornemuse. Soit,\u00a0dans ce cas, seul Denis Seznec peut nous \u00e9clairer sur son propos confus&#8230; patientons. Pour le reste, inutile d&#8217;attendre la confirmation de sa version, c&#8217;est du roman d&#8217;inspiration Privat, les noces d&#8217;une telle ampleur ont effectivement exist\u00e9, elles ne sont pas tr\u00e8s nombreuses et elles sont connues (notamment \u00a0celle, \u00e0 Scrignac, d&#8217;Ang\u00e8le Jaffrennou avec\u00a0Alfred Lajat, notre fameux t\u00e9moin morlaisien qui se souvient soudainement en novembre d&#8217;avoir vu Pierre Qu\u00e9m\u00e9ner fin\u00a0mai).<\/p>\n<p style=\"text-align: justify;\">Suivons les nouveaux mari\u00e9s : &#8220;<em>Avec la vente de la petite ferme et le douaire de Marie-Jeanne, ils ach\u00e8tent un commerce sur la place de Plomodiern, en face de l&#8217;\u00e9glise. Vente et r\u00e9paration de v\u00e9los. Guillaume est d\u00e9positaire exclusif de la marque Alcyon. &#8230; A Brest, il ach\u00e8te des engins au prix de la ferraille et les rafistole pour les revendre aux amateurs&#8230;<\/em>&#8221; De quelle petite ferme s&#8217;agit-il ? Myst\u00e8re. On pourrait penser qu&#8217;il s&#8217;agit de la ferme de Kerneol, mais probl\u00e8me : si avec <em>sept gar\u00e7ons de ferme et deux servantes,<\/em> on consid\u00e8re qu&#8217;il s&#8217;agit d&#8217;une modeste exploitation, combien d&#8217;employ\u00e9s pour une exploitation normale ? Autre probl\u00e8me : en 1906\/1907, cette ferme est toujours exploit\u00e9e par la famille Seznec. Quant au <em>douaire<\/em> de Marie-Jeanne, on peut douter de sa consistance, compte tenu de &#8220;l&#8217;\u00e9paisseur&#8221; des relations entre Jean Marc et sa fille (nous aurons l&#8217;occasion d&#8217;y revenir).\u00a0Doutons donc de la cagnotte post-mariage, cagnotte servant \u00e0 un achat non moins douteux, celui d&#8217;un commerce. Denis Seznec aurait pu au moins \u00e9viter ce genre d&#8217;\u00e2nerie, mais il a visiblement un probl\u00e8me avec \u00a0la r\u00e9alit\u00e9, il lui faut absolument &#8220;arranger&#8221; les faits. L&#8217;histoire familiale, la vraie, nous est confirm\u00e9e et pr\u00e9cis\u00e9e dans un document \u00e9crit par Jean Marc, beau-p\u00e8re de Guillaume Seznec. Des extraits de ce document, consultable aux Archives D\u00e9partementales de Quimper, illustrent un article sur le blog <a title=\"piste lormaye\" href=\"http:\/\/www.piste-de-lormaye.com\/2014\/10\/affaire-seznec-quand-peps-marc-nous-raconte-guillaume.html\">&#8220;la piste de Lormaye&#8221;<\/a>. Le commerce achet\u00e9 sur la place du village correspond en fait \u00e0 la maison principale de Jean Marc o\u00f9 il officie dans le commerce de graines &#8211; la cession a lieu bien apr\u00e8s les agapes du mariage, en 1909,\u00a0les beaux-parents\u00a0en gardent l&#8217;usufruit.\u00a0Les trois ann\u00e9es qui pr\u00e9c\u00e8dent cette cession familiale, sont d\u00e9crites dans le document du beau-p\u00e8re Marc. Tentons d&#8217;en d\u00e9duire une chronologie aussi limpide que possible .<\/p>\n<p style=\"text-align: justify; padding-left: 30px;\">&#8211; 1906 :<\/p>\n<p style=\"padding-left: 60px; text-align: justify;\">&#8211; 18 juillet : mariage \u00e0 Plomodiern de Marie-Jeanne Marc et Guillaume Seznec<\/p>\n<p style=\"padding-left: 60px; text-align: justify;\">&#8211; 25 juillet : le nouveau m\u00e9nage s&#8217;installe chez les parents Marc<\/p>\n<p style=\"padding-left: 60px; text-align: justify;\">&#8211; octobre : en association avec un d\u00e9nomm\u00e9 Mignon (de Chateaulin), Guillaume Seznec ach\u00e8te un fond commercial<\/p>\n<p style=\"padding-left: 60px; text-align: justify;\">&#8211; novembre : G. Seznec loue \u00e0 son beau-p\u00e8re, pour 150 francs\/an, un local servant au pr\u00e9alable \u00e0 remiser de la marchandise et accessoirement \u00e0 servir des repas de noces<\/p>\n<p style=\"padding-left: 60px; text-align: justify;\">&#8211; fin novembre : G. Seznec se d\u00e9place \u00e0 Paris au salon de l&#8217;Automobile &#8211; il en profite pour acheter un lot de bicyclettes d&#8217;occasion<\/p>\n<p style=\"padding-left: 60px; text-align: justify;\">&#8211; d\u00e9cembre : G. Seznec loue une partie de grange pour y faire un atelier &#8211; cela n\u00e9cessite des travaux entrepris par J. Marc &#8211; la location est fix\u00e9e \u00e0 50 frans\/an<\/p>\n<p style=\"padding-left: 60px; text-align: justify;\">&#8211; fin d\u00e9cembre : G. Seznec embauche M. Tymen, ouvrier forgeron &#8211; il prend pension chez J. Marc pour 40 francs\/mois &#8211; Le couple Guillaume\/Marie-Jeanne prend pension chez les Marc pour 100 francs\/mois<\/p>\n<p style=\"text-align: justify; padding-left: 30px;\">&#8211; 1907 :<\/p>\n<p style=\"padding-left: 60px; text-align: justify;\">&#8211; janvier : G. Seznec re\u00e7oit un lot de marchandises (\u00e9cr\u00e8meuses, motocyclettes&#8230;) et cela le contraint \u00e0 louer une autre grange \u00e0 J. Marc, au prix de 200 francs\/an<\/p>\n<p style=\"padding-left: 60px; text-align: justify;\">&#8211; 26 f\u00e9vrier : J. Marc organise pour sa client\u00e8le un concours de charrues, cela permettant \u00a0\u00e0 G. Seznec de se faire conna\u00eetre<\/p>\n<p style=\"padding-left: 60px; text-align: justify;\">&#8211; mars : G. Seznec ach\u00e8te un lot de 50 bicyclettes Alcyon &#8211; il s&#8217;adjoint MM. Graveran et L&#8217;Helgouach\u00a0comme repr\u00e9sentants\/d\u00e9positaires, le premier \u00e0 Crozon , et le second \u00e0 Quimper<\/p>\n<p style=\"padding-left: 60px; text-align: justify;\">&#8211; avril : G. Seznec embauche ses beaux-fr\u00e8res, Pierre Marc (en remplacement de Tymen, parti quelque temps avant) et Charles Marc (aide G. Seznec depuis l&#8217;installation)<\/p>\n<p style=\"padding-left: 60px; text-align: justify;\">&#8211; mai : M. Capitaine devient d\u00e9positaire \u00e0 Plogonnec pour le canton de Douarnenez (vend 10 bicyclettes en 1907)<\/p>\n<p style=\"padding-left: 60px; text-align: justify;\">&#8211; 26 mai : naissance d&#8217;un fils, il d\u00e9c\u00e8de en octobre<\/p>\n<p style=\"padding-left: 60px; text-align: justify;\">&#8211; G. Seznec d\u00e9veloppe son activit\u00e9 commerciale : d\u00e9p\u00f4t d&#8217;\u00e9cr\u00e8meuses \u00e0 Plogonnec (M. Hennion) &#8211; d\u00e9p\u00f4ts de pi\u00e8ces agricoles et de bicyclettes \u00e0 Dineault (M. Doar\u00e9), \u00e0 Port-Launay (M. Vazelet), \u00e0 Douarnenez (M. Vigouroux)<\/p>\n<p style=\"padding-left: 60px; text-align: justify;\">&#8211; d\u00e9cembre : G. Seznec et Marie-Jeanne passent 10 jours \u00e0 Paris<\/p>\n<p style=\"text-align: justify; padding-left: 30px;\">1908 :<\/p>\n<p style=\"padding-left: 60px; text-align: justify;\">&#8211; nouveaux points de vente : Saint-S\u00e9gal &#8211; Lennon &#8211; Saint-Nic (M. Guingu\u00e9niat) &#8211; Argol (M. Droff) &#8211; Tr\u00e9garvan (pour les \u00e9cr\u00e8meuses)<\/p>\n<p style=\"padding-left: 60px; text-align: justify;\">&#8211; G. Seznec devient l&#8217;agent r\u00e9gional exclusif pour la marque Alcyon<\/p>\n<p style=\"padding-left: 60px; text-align: justify;\">&#8211; mars : embauche de M. Qu\u00e9ffellec (en pension chez J. Marc pour 40 francs\/mois &#8211; d\u00e9bauch\u00e9 fin octobre)<\/p>\n<p style=\"padding-left: 60px; text-align: justify;\">&#8211; 30 octobre : naissance de Marie<\/p>\n<p style=\"padding-left: 60px; text-align: justify;\">&#8211; 1er novembre : incendie des granges et atelier de G. Seznec &#8211; Guillaume Seznec est s\u00e9rieusement br\u00fbl\u00e9 &#8211; une enqu\u00eate de gendarmerie pour incendie volontaire sera class\u00e9e sans suite<\/p>\n<p style=\"padding-left: 60px; text-align: justify;\">&#8211; Guillaume Seznec est soign\u00e9 \u00e0 Saint S\u00e9gal<\/p>\n<p style=\"text-align: justify; padding-left: 30px;\">1909 :<\/p>\n<p style=\"padding-left: 60px; text-align: justify;\">&#8211; janvier : Jean Marc c\u00e8de ses biens \u00e0 Guillaume Seznec (maisons, terres, commerce except\u00e9 l&#8217;activit\u00e9 graineterie), il conserve l&#8217;usufruit de la maison principale<\/p>\n<p style=\"padding-left: 60px; text-align: justify;\">&#8211; janvier\/f\u00e9vrier &#8211; d\u00e9blaiement des locaux apr\u00e8s l&#8217;incendie (avec l&#8217;aide de la famille Marc)<\/p>\n<p style=\"text-align: justify;\">Courant 1909, les relations entre Guillaume Seznec et son beau-p\u00e8re s&#8217;obscurcissent, ils se trouvent en conflit ouvert. En fait, la relation par Jean Marc des faits ci-dessus r\u00e9pond \u00e0 un souci de circonstance\u00a0&#8211; il lui faut bien faire comprendre \u00e0 ses interlocuteurs de justice (avocats, magistrats) qu&#8217;il a tout fait pour aider son gendre, que s&#8217;il se trouve en litige avec lui, il n&#8217;est en rien responsable.<\/p>\n<p style=\"text-align: justify;\">Nous savons de la main de Jean Marc que vers le mois d&#8217;avril 1909, les beaux-parents de Guillaume Seznec quittent la maison principale pour demeurer \u00e0 proximit\u00e9, dans une habitation\u00a0qui vient tout juste d&#8217;\u00eatre remise en \u00e9tat par les soins de Guillaume.\u00a0Puis de la p\u00e9riode qui va jusqu&#8217;en septembre 1911, nous avons peu de renseignements, mais une chose est certaine, rien ne va plus entre le gendre et son beau-p\u00e8re. A la lecture des documents, on comprend que Jean Marc reproche \u00e0 Guillaume Seznec de n&#8217;avoir pas \u00e9t\u00e9 r\u00e9gulier dans le respect du contrat de cession. Une incompr\u00e9hension sur les termes m\u00eames du contrat ? Possible, mais Jean Marc consid\u00e8re qu&#8217;il est l\u00e9s\u00e9 et d\u00e9cide donc de faire valoir ses droits en mettant l&#8217;affaire dans les mains de l&#8217;avocat Du Cleuziou (\u00e9tude \u00e0 Chateaulin). D\u00e8s lors, l&#8217;entente familiale est rompue et c&#8217;est probablement ce qui pr\u00e9cipite le d\u00e9m\u00e9nagement de Guillaume et Marie-Jeanne pour Brest.<\/p>\n<p style=\"text-align: justify;\">Que nous dit Denis Seznec sur la p\u00e9riode allant de l&#8217;incendie \u00e0 Plomodiern (1er nov. 1908) \u00e0 l&#8217;installation \u00e0 Brest (1912) : &#8220;<em>Gr\u00e2ce aux d\u00e9dommagements accord\u00e9s par l&#8217;assurance, Guillaume et Marie-Jeanne se lancent dans une nouvelle aventure, toujours dans le commerce. En juillet 1912, ils montent une blanchisserie industrielle \u00e0 Saint Pierre de Quilbignon&#8230;<\/em>&#8221; Soit moins de quatre lignes pour gommer trois ann\u00e9es conflictuelles, \u00e9vacuer la fracture familiale et faire croire \u00e0 une \u00e9volution normale des choses. Pourquoi pas ? Il peut para\u00eetre l\u00e9gitime de faire l&#8217;impasse sur des \u00e9v\u00e9nements bien douloureux. Mais dans ce cas, il serait bon de faire soft, de ne pas en rajouter,\u00a0ce serait risquer un jour ou l&#8217;autre, une question oiseuse venant du fond de la salle lors d&#8217;une conf\u00e9rence \u00e0 Talant ou ailleurs. Ben oui ! : &#8220;<em>gr\u00e2ce aux d\u00e9dommagements<\/em>&#8220;&#8230; quel montant ? Le beau-p\u00e8re Marc nous renseigne : &#8220;<em>cette somme de 7895 francs, il les a re\u00e7u des mains de M. Michel son assureur<\/em>&#8221; . Donc, avec environ 8000 francs re\u00e7us en 1909, le couple Seznec investit dans une blanchisserie en 1912. Non seulement, c&#8217;est peu cr\u00e9dible, mais pas de chance, c&#8217;est faux. En effet, Guillaume Seznec ouvre sa Blanchisserie Moderne de Saint-Pierre le 20 janvier 1915, soit trois ans plus tard. R\u00e9sumons : Denis Seznec n&#8217;a aucune id\u00e9e de ce que deviennent\u00a0ses grands-parents du 1er novembre 1908 au 20 janvier 1915, j&#8217;esp\u00e8re que ces quelques lignes lui seront d&#8217;un grand secours&#8230; on le saura \u00e0 la prochaine \u00e9dition de son roman-fleuve, ou peut-\u00eatre dans quelques jours, lors de sa prochaine conf\u00e9rence o\u00f9 il \u00e9voquera sans nul doute la vie tr\u00e9pidante du bas de la rue Amiral Linois (\u00e0 Brest) vers 1912&#8230; on peut r\u00eaver.<\/p>\n<p style=\"text-align: justify;\">Revenons sur l&#8217;incendie de Plomodiern. Rappelons en quels termes l&#8217;\u00e9voque Denis Seznec dans son ouvrage : &#8220;<em>&#8230; l&#8217;heureux p\u00e8re se pr\u00e9cipite mais loupe le dernier train. Il emprunte une bicyclette et effectue soixante-douze kilom\u00e8tres \u00e0 travers les monts d&#8217;Arr\u00e9e. Il n&#8217;est pas arriv\u00e9 que, de loin, des contreforts du Menez-Hom, il aper\u00e7oit un incendie dans Plomodiern&#8230;<\/em>&#8221; C&#8217;est \u00e9pique, mais c&#8217;est faux et Guillaume Seznec lui-m\u00eame n&#8217;aurait jamais os\u00e9 une telle tirade. Pour une raison toute simple : il \u00e9tait bel et bien sur place dans la journ\u00e9e, plusieurs t\u00e9moins l&#8217;attestent dont son beau-p\u00e8re, et Guillaume himself n&#8217;a jamais dit le contraire. Mais voil\u00e0, Charles Victor Herv\u00e9, dans sa d\u00e9fense toute personnelle du cas Seznec, a consid\u00e9r\u00e9 qu&#8217;il valait mieux romanc\u00e9 l&#8217;\u00e9pisode. Il a trouv\u00e9 les ingr\u00e9dients, imagin\u00e9 la sc\u00e8ne et propos\u00e9 une version reprise all\u00e8grement par le petit-fils (avec des nuances suivant les \u00e9ditions). A quoi bon perdre du temps \u00e0 consulter des archives, alors qu&#8217;avec un peu d&#8217;imagination on peut s\u00e9duire le public. Peut-on en vouloir \u00e0 un romancier d&#8217;\u00e9crire des romans ?<\/p>\n<p style=\"text-align: justify;\"><em>PS : suite dans un article compl\u00e9mentaire \u00e0 venir (on reparle du diff\u00e9rend familial Seznec\/Marc)<\/em><\/p>\n","protected":false},"excerpt":{"rendered":"<p>Je quitte le petit s\u00e9minaire, je tombe amoureux, me marie, m&#8217;installe \u00e0 Plomodiern, puis \u00e0 Saint-Pierre de Quilbignon&#8230; Reportons-nous aux pages 70-75 de Nous les Seznec. On y apprend que Guillaume, en raison d&#8217;un flirt (d\u00e9couvert) avec une lavandi\u00e8re, quitte pr\u00e9cipitamment le petit s\u00e9minaire de Pont-Croix pour aider aux travaux de la ferme familiale. Plus <a class=\"read-more\" href=\"https:\/\/affaire-cadiou-seznec.fr\/?p=423\">Read more<\/a><\/p>\n","protected":false},"author":1,"featured_media":0,"comment_status":"open","ping_status":"open","sticky":false,"template":"","format":"standard","meta":{"footnotes":""},"categories":[1],"tags":[],"class_list":["post-423","post","type-post","status-publish","format-standard","hentry","category-uncategorized","wpautop"],"_links":{"self":[{"href":"https:\/\/affaire-cadiou-seznec.fr\/index.php?rest_route=\/wp\/v2\/posts\/423","targetHints":{"allow":["GET"]}}],"collection":[{"href":"https:\/\/affaire-cadiou-seznec.fr\/index.php?rest_route=\/wp\/v2\/posts"}],"about":[{"href":"https:\/\/affaire-cadiou-seznec.fr\/index.php?rest_route=\/wp\/v2\/types\/post"}],"author":[{"embeddable":true,"href":"https:\/\/affaire-cadiou-seznec.fr\/index.php?rest_route=\/wp\/v2\/users\/1"}],"replies":[{"embeddable":true,"href":"https:\/\/affaire-cadiou-seznec.fr\/index.php?rest_route=%2Fwp%2Fv2%2Fcomments&post=423"}],"version-history":[{"count":0,"href":"https:\/\/affaire-cadiou-seznec.fr\/index.php?rest_route=\/wp\/v2\/posts\/423\/revisions"}],"wp:attachment":[{"href":"https:\/\/affaire-cadiou-seznec.fr\/index.php?rest_route=%2Fwp%2Fv2%2Fmedia&parent=423"}],"wp:term":[{"taxonomy":"category","embeddable":true,"href":"https:\/\/affaire-cadiou-seznec.fr\/index.php?rest_route=%2Fwp%2Fv2%2Fcategories&post=423"},{"taxonomy":"post_tag","embeddable":true,"href":"https:\/\/affaire-cadiou-seznec.fr\/index.php?rest_route=%2Fwp%2Fv2%2Ftags&post=423"}],"curies":[{"name":"wp","href":"https:\/\/api.w.org\/{rel}","templated":true}]}}