{"id":446,"date":"2014-10-14T14:16:27","date_gmt":"2014-10-14T14:16:27","guid":{"rendered":"http:\/\/affaire-seznec.w.pw\/?p=446"},"modified":"2018-04-05T12:00:59","modified_gmt":"2018-04-05T12:00:59","slug":"la-rue-des-saussaies-une-adresse-maudite-pour-guillaume-seznec","status":"publish","type":"post","link":"https:\/\/affaire-cadiou-seznec.fr\/?p=446","title":{"rendered":"La rue des Saussaies : une adresse maudite pour Guillaume Seznec"},"content":{"rendered":"<p style=\"text-align: justify;\"><strong>En deux photos contrast\u00e9es, prises \u00e0 quelques jours d&#8217;intervalle, on devine le peu de confort des lieux et les tourments des personnes convi\u00e9es \u00e0 y appr\u00e9cier le g\u00eete et le couvert.\u00a0<\/strong><\/p>\n<p style=\"text-align: justify;\"><strong>1 &#8211; Tout dernier moment de libert\u00e9 pour\u00a0Guillaume Seznec. \u00a0Il r\u00e9pond \u00e0 la convocation et se pr\u00e9sente, visiblement confiant (prenant la pose devant l&#8217;objectif), \u00e0 la S\u00fbret\u00e9 G\u00e9n\u00e9rale, rue des Saussaies, le 27 juin 1923. On le voit ici, accompagn\u00e9 d&#8217;inspecteurs, arrivant en ce lieu redout\u00e9. L&#8217;inspecteur au second plan, \u00e0 gauche (chapeau melon) est Albert Tissier (qui participera \u00e0 l&#8217;enqu\u00eate sur Dreux\/Houdan). &#8220;Le Journal&#8221;, dans son \u00e9dition du 29 juin, nous pr\u00e9cise que Guillaume Seznec s&#8217;\u00e9tait arr\u00eat\u00e9 chez un coiffeur, rue Duphot &#8211; la derni\u00e8re coupe &#8220;de ville&#8221; avant un long moment. Nous cherchons \u00e0 identifier les deux autres personnes pr\u00e9sentes sur la photo (acceptons, bien s\u00fbr, votre concours).<\/strong><\/p>\n<p style=\"text-align: justify;\"><strong>2 &#8211; la\u00a0photo suivante est prise quelques jours plus tard, apr\u00e8s l&#8217;arrestation, par le service photographique de la police &#8211; il s&#8217;agit d&#8217;une photo anthropom\u00e9trique (prise de vue de profil et de face) qui a servi \u00e0 la d\u00e9fense pour argumenter sur la machination polici\u00e8re. Cette photographie, publi\u00e9e dans la presse, est consid\u00e9r\u00e9e comme \u00e9tant une photo truqu\u00e9e (un \u0153il apparaissant \u00e0 demi ferm\u00e9, de mani\u00e8re \u00e0 correspondre aux t\u00e9moignages qui parlaient d&#8217;un &#8220;\u0153il clignotant&#8221;). Nous ne rentrerons pas dans le d\u00e9bat, ajoutons que la lumi\u00e8re projet\u00e9e et la fatigue ne contribuent pas \u00e0 un portrait de studio.\u00a0<\/strong><\/p>\n<p><a href=\"https:\/\/affaire-cadiou-seznec.fr\/wp-content\/uploads\/2014\/10\/gs27061923.jpg\"><img loading=\"lazy\" decoding=\"async\" class=\"aligncenter size-full wp-image-447\" src=\"https:\/\/affaire-cadiou-seznec.fr\/wp-content\/uploads\/2014\/10\/gs27061923.jpg\" alt=\"gs27061923\" width=\"792\" height=\"557\" srcset=\"https:\/\/affaire-cadiou-seznec.fr\/wp-content\/uploads\/2014\/10\/gs27061923.jpg 792w, https:\/\/affaire-cadiou-seznec.fr\/wp-content\/uploads\/2014\/10\/gs27061923-300x210.jpg 300w\" sizes=\"auto, (max-width: 792px) 100vw, 792px\" \/><\/a><\/p>\n<p>&nbsp;<\/p>\n<p><a href=\"https:\/\/affaire-cadiou-seznec.fr\/wp-content\/uploads\/2014\/10\/gsphotanthropo.jpg\"><img loading=\"lazy\" decoding=\"async\" class=\"aligncenter size-full wp-image-448\" src=\"https:\/\/affaire-cadiou-seznec.fr\/wp-content\/uploads\/2014\/10\/gsphotanthropo.jpg\" alt=\"gsphotanthropo\" width=\"400\" height=\"277\" srcset=\"https:\/\/affaire-cadiou-seznec.fr\/wp-content\/uploads\/2014\/10\/gsphotanthropo.jpg 400w, https:\/\/affaire-cadiou-seznec.fr\/wp-content\/uploads\/2014\/10\/gsphotanthropo-300x207.jpg 300w\" sizes=\"auto, (max-width: 400px) 100vw, 400px\" \/><\/a><\/p>\n","protected":false},"excerpt":{"rendered":"<p>En deux photos contrast\u00e9es, prises \u00e0 quelques jours d&#8217;intervalle, on devine le peu de confort des lieux et les tourments des personnes convi\u00e9es \u00e0 y appr\u00e9cier le g\u00eete et le couvert.\u00a0 1 &#8211; Tout dernier moment de libert\u00e9 pour\u00a0Guillaume Seznec. \u00a0Il r\u00e9pond \u00e0 la convocation et se pr\u00e9sente, visiblement confiant (prenant la pose devant l&#8217;objectif), <a class=\"read-more\" href=\"https:\/\/affaire-cadiou-seznec.fr\/?p=446\">Read more<\/a><\/p>\n","protected":false},"author":1,"featured_media":0,"comment_status":"open","ping_status":"open","sticky":false,"template":"","format":"standard","meta":{"footnotes":""},"categories":[1],"tags":[],"class_list":["post-446","post","type-post","status-publish","format-standard","hentry","category-uncategorized","wpautop"],"_links":{"self":[{"href":"https:\/\/affaire-cadiou-seznec.fr\/index.php?rest_route=\/wp\/v2\/posts\/446","targetHints":{"allow":["GET"]}}],"collection":[{"href":"https:\/\/affaire-cadiou-seznec.fr\/index.php?rest_route=\/wp\/v2\/posts"}],"about":[{"href":"https:\/\/affaire-cadiou-seznec.fr\/index.php?rest_route=\/wp\/v2\/types\/post"}],"author":[{"embeddable":true,"href":"https:\/\/affaire-cadiou-seznec.fr\/index.php?rest_route=\/wp\/v2\/users\/1"}],"replies":[{"embeddable":true,"href":"https:\/\/affaire-cadiou-seznec.fr\/index.php?rest_route=%2Fwp%2Fv2%2Fcomments&post=446"}],"version-history":[{"count":0,"href":"https:\/\/affaire-cadiou-seznec.fr\/index.php?rest_route=\/wp\/v2\/posts\/446\/revisions"}],"wp:attachment":[{"href":"https:\/\/affaire-cadiou-seznec.fr\/index.php?rest_route=%2Fwp%2Fv2%2Fmedia&parent=446"}],"wp:term":[{"taxonomy":"category","embeddable":true,"href":"https:\/\/affaire-cadiou-seznec.fr\/index.php?rest_route=%2Fwp%2Fv2%2Fcategories&post=446"},{"taxonomy":"post_tag","embeddable":true,"href":"https:\/\/affaire-cadiou-seznec.fr\/index.php?rest_route=%2Fwp%2Fv2%2Ftags&post=446"}],"curies":[{"name":"wp","href":"https:\/\/api.w.org\/{rel}","templated":true}]}}