{"id":467,"date":"2014-12-07T22:11:26","date_gmt":"2014-12-07T22:11:26","guid":{"rendered":"http:\/\/affaire-seznec.w.pw\/?p=467"},"modified":"2018-04-05T12:00:51","modified_gmt":"2018-04-05T12:00:51","slug":"mise-au-point","status":"publish","type":"post","link":"https:\/\/affaire-cadiou-seznec.fr\/?p=467","title":{"rendered":"mise au point&#8230;"},"content":{"rendered":"<p style=\"text-align: justify;\">Depuis une dizaine de jours, une mont\u00e9e en temp\u00e9rature atteint le cercle des aficionados de l&#8217;Affaire Seznec. Le tr\u00e8s bref commentaire de Bernez Rouz sur FR3 a suscit\u00e9 bien des commentaires et rapidement la conversation a d\u00e9vi\u00e9, entra\u00eenant des intervenants \u00e0 s&#8217;opposer fermement. Parmi ceux-ci, nous avons vu r\u00e9appara\u00eetre une vieille connaissance qui n&#8217;a rien perdu de sa verve. Je passe sur les p\u00e9rip\u00e9ties qui ont \u00e9maill\u00e9\u00a0 forums et blogs concern\u00e9s par le sujet. Dans la foul\u00e9e, on a assist\u00e9 \u00e0 la r\u00e9surrection d&#8217;un blog, activ\u00e9 \u00e0 l&#8217;origine par les co-auteurs (le co-auteur serait plus exact) du livre num\u00e9rique &#8220;l&#8217;Affaire Seznec enfin r\u00e9v\u00e9l\u00e9e&#8221;. Ouvrage qui, effectivement, nous r\u00e9v\u00e8le le lieu o\u00f9 serait enterr\u00e9 Pierre Qu\u00e9m\u00e9neur. Il s&#8217;agit en fait d&#8217;une zone &#8220;pr\u00e9cise&#8221; (quelques milliers d&#8217;hectares !) situ\u00e9e dans les Alpes Mancelles. Puisque Guillaume Seznec dormit \u00e0 l&#8217;h\u00f4tel \u00e0 Pr\u00e9-en-Pail (et non dans sa voiture), il est \u00e9vident qu&#8217;il s&#8217;\u00e9tait d\u00e9barrass\u00e9 du corps de son acolyte quelque temps avant; en 85 ans, personne n&#8217;y avait pens\u00e9&#8230; c&#8217;est fou comme on peut \u00eatre distrait.<\/p>\n<p style=\"text-align: justify;\">Fort du succ\u00e8s plan\u00e9taire de cette premi\u00e8re \u0153uvre, nos nouveaux sp\u00e9cialistes auto-d\u00e9clar\u00e9s de l&#8217;Affaire Seznec r\u00e9digeaient une suite, qu&#8217;ils proposaient \u00e9galement en version papier. Comme on ne change pas un titre qui marche, cette fois ce serait &#8220;Nouvelles R\u00e9v\u00e9lations&#8221;. M&#8217;est avis que mettre &#8220;r\u00e9v\u00e9lations&#8221; au singulier eut \u00e9t\u00e9 prudent, car \u00e0 ce jour, nous sommes plusieurs \u00e0 chercher en vain,\u00a0o\u00f9 se cache la moindre r\u00e9v\u00e9lation.<\/p>\n<p style=\"text-align: justify;\">Nous avons eu l&#8217;occasion de dire ce que l&#8217;on pensait de ces deux ouvrages et notamment de plaisanter sur la gare fant\u00f4me de Plourivo&#8230; passons. Bien entendu, le co-auteur finist\u00e9rien n&#8217;a gu\u00e8re appr\u00e9ci\u00e9 la chose, d&#8217;autant qu&#8217;il nous a paru que l&#8217;humour et le second degr\u00e9 \u00e9taient loin d&#8217;\u00eatre chez lui une seconde nature\u00a0(la lecture de commentaires sur d&#8217;autres forums nous l&#8217;a confirm\u00e9).<\/p>\n<p style=\"text-align: justify;\">Tout ceci est en pr\u00e9ambule d&#8217;une mise au point relative \u00e0 des stupidit\u00e9s (pour rester poli) lues ce jour sur le &#8220;nouveau&#8221; blog \u00e9voqu\u00e9 ci-dessus.<\/p>\n<p style=\"text-align: justify;\">-1 : droits d&#8217;auteur : M. Vilain fait une fixation sur ce point et ce n&#8217;est pas nouveau. Il suffit de se rendre sur Wikip\u00e9dia pour le constater. Malheur \u00e0 celui qui ferait une copie de scan (fait par ses soins) d&#8217;un quelconque document, tomb\u00e9 dans le domaine public ou pas. Il oublie seulement un chose : il y a la loi et l&#8217;esprit de la loi et donc la jurisprudence. Prenons l&#8217;exemple de la reproduction de l&#8217;illustration de Traon Velin figurant dans un de ses articles. Se d\u00e9clarer propri\u00e9taire des droits de reproduction du scan est tout \u00e0 fait possible mais je doute fort qu&#8217;un tribunal abonde en ce sens&#8230; et cela nous am\u00e8ne au point suivant<\/p>\n<p style=\"text-align: justify;\">&#8211; 2 : M. Vilain est intervenu sur un site ant\u00e9rieur \u00e0 celui-ci. Il n&#8217;y a pas laiss\u00e9 un souvenir imp\u00e9rissable. Sur son blog il s&#8217;enorgueillit d&#8217;avoir \u00e9t\u00e9 \u00e0 l&#8217;origine de suppression de commentaires et m\u00eame d&#8217;articles, effectu\u00e9e \u00e0 sa demande pressante, par l&#8217;h\u00e9bergeur. Je confirme que suite \u00e0 la promo tous azimuts de son deuxi\u00e8me ouvrage (que j&#8217;ai achet\u00e9 en version num\u00e9rique et lu avec attention), je me suis permis de tenir quelques propos acerbes qui n&#8217;ont gu\u00e8re plu au co-auteur. Loin d&#8217;avoir &#8220;copieusement insult\u00e9&#8221; (ou alors on prouve) cette personne, je me suis plaint d&#8217;un sentiment de tromperie sur la marchandise (quelles &#8220;r\u00e9v\u00e9lations&#8221; ?) et ai utilis\u00e9 le mot d&#8217;imposteur. Pas ravi, M. Vilain s&#8217;est f\u00e2ch\u00e9, est venu \u00e0 parler p\u00eale-m\u00eale de diffamation, injure publique, plainte, procureur&#8230; Or, on m&#8217;a appris \u00e0 toujours me m\u00e9fier des proc\u00e9duriers et je consid\u00e8re que la Justice, pay\u00e9e aussi par mes imp\u00f4t, \u00e0 d&#8217;autres chats \u00e0 fouetter qu&#8217;\u00e0 s&#8217;occuper de ce genre de c&#8230;ries. J&#8217;ai donc fait au plus simple, j&#8217;ai supprim\u00e9 rapidement les \u00e9crits litigieux. Il est peu probable que sur la base des \u00e9l\u00e9ments, une plainte aurait \u00e9t\u00e9 instruite, surtout avec constitution de partie civile,\u00a0 et cela pouvait tr\u00e8s bien se retourner contre le plaignant en d\u00e9nonciation calomnieuse. Quant \u00e0 l&#8217;intervention efficace de M. Vilain aupr\u00e8s de l&#8217;h\u00e9bergeur, elle pr\u00eate \u00e0 sourire&#8230; inutile de s&#8217;attarder.<\/p>\n<p style=\"text-align: justify; padding-left: 30px;\">pour info, extrait du message de M. Vilain, du 29-03-2011<\/p>\n<p style=\"text-align: justify; padding-left: 60px;\"><span style=\"font-family: arial,helvetica,sans-serif;\"><em>Apr\u00e8s lecture de ce site, je vous demande de bien vouloir supprimer les messages d&#8217;admin du 28 mars 2011 \u00e0 18:04 et celui du 29 mars 2011 \u00e0 09:30. Ces deux messages rentrent dans le cadre de la diffamation et de l&#8217;injure publique conform\u00e9ment \u00e0 l&#8217;article 29 de la loi du 29 juillet 1881. Ce d\u00e9lit est passible de 12 000 \u20ac d&#8217;amende. Vous \u00e9crivez qu&#8217;Albert Baker et moi-m\u00eame sont membres d&#8217;un club d&#8217;imposteurs, puis sont des imposteurs et enfin\u00a0 se livrent \u00e0 une imposture concernant leur ouvrage \u00e0 paraitre aux \u00e9ditions Coetquen.<\/em><\/span><\/p>\n<p style=\"padding-left: 60px;\"><span style=\"font-family: arial,helvetica,sans-serif;\"><em> Nous mettons votre h\u00e9bergeur en copie pour prouver que nous avons essay\u00e9 \u00e0 plusieurs reprises de vous faire entendre raison sans succ\u00e8s.<\/em><\/span><\/p>\n<p style=\"padding-left: 60px;\"><span style=\"font-family: arial,helvetica,sans-serif;\"><em> Si dans un d\u00e9lai de 24 heurs, vous persistez, nous transmettrons les copies d&#8217;\u00e9cran au procureur de la r\u00e9publique ainsi qu&#8217;une plainte avec constitution de partie civile. Nous demanderons votre condamnation \u00e0 12 000 \u20ac ainsi que des dommages et int\u00e9r\u00eats qui ne sauraient \u00eatre inf\u00e9rieurs \u00e0 12 000 \u20ac ainsi que tous les frais de justice.<\/em><\/span><em>&#8230;<\/em><\/p>\n<p style=\"padding-left: 60px;\"><span style=\"font-family: arial,helvetica,sans-serif;\"><em> B. <span class=\"il\">Vilain<\/span><\/em><\/span><\/p>\n<p style=\"text-align: justify;\">Sur son blog, M. Vilain met \u00e9galement en doute le fait que les deux sites ant\u00e9rieurs \u00e0 celui-ci aient \u00e9t\u00e9 pirat\u00e9s. Je ne vais pas perdre mon temps \u00e0 essayer de le convaincre, par contre, s&#8217;il le souhaite, ayant sauvegard\u00e9 les dossiers et les bases de donn\u00e9es v\u00e9rol\u00e9s (wordpress), je peux les lui transmettre pour, \u00e9ventuellement, qu&#8217;il tente de les restaurer. Il me plairait de r\u00e9cup\u00e9rer certains articles.<\/p>\n<p style=\"text-align: justify;\">&#8211; 3 : la photo de la seule et unique Cadillac chez les Soviets : le commentaire que j&#8217;ai pu en faire dans ma critique de &#8220;Nous les Seznec&#8221; me convient tout \u00e0 fait &#8211;\u00a0 avec ma meilleure volont\u00e9, je ne vois rien de ridicule. Le ridicule est surtout d&#8217;en faire des tonnes pour cette photo anecdotique.<\/p>\n<p style=\"text-align: justify;\">&#8211; 4 : le &#8220;ridicule anonyme&#8221; : patience, cela ne durera pas &#8211; votre curiosit\u00e9 sera satisfaite &#8211; le bonjour \u00e0 Ottokar&#8230;<\/p>\n<p style=\"text-align: justify;\">Et si, M. Vilain, vous nous parliez de l&#8217;Affaire Seznec&#8230; cela nous r\u00e9jouirait. Je ne vois pas bien l&#8217;int\u00e9r\u00eat qu&#8217;il y a aux pol\u00e9miques, aux conflits de personnes. Gardez vos articles de lois pour d&#8217;autres combats. Vous n&#8217;aimez pas le ridicule, fa\u00eetes donc en sorte de ne pas tomber dedans.<\/p>\n<p style=\"text-align: justify;\">A vous lire sur l&#8217;Affaire Seznec, rien que l&#8217;Affaire Seznec, toute l&#8217;Affaire Seznec&#8230;<\/p>\n<p style=\"text-align: justify;\"><em>ps : sur votre blog, pour illustrer le fait que vous connaissez le breton, vous nous proposez un court extrait de &#8220;Pardon Speied&#8221; : comment interpr\u00e9ter ce choix\u00a0? &#8211; merci de nous \u00e9clairer.<\/em><\/p>\n","protected":false},"excerpt":{"rendered":"<p>Depuis une dizaine de jours, une mont\u00e9e en temp\u00e9rature atteint le cercle des aficionados de l&#8217;Affaire Seznec. Le tr\u00e8s bref commentaire de Bernez Rouz sur FR3 a suscit\u00e9 bien des commentaires et rapidement la conversation a d\u00e9vi\u00e9, entra\u00eenant des intervenants \u00e0 s&#8217;opposer fermement. Parmi ceux-ci, nous avons vu r\u00e9appara\u00eetre une vieille connaissance qui n&#8217;a rien <a class=\"read-more\" href=\"https:\/\/affaire-cadiou-seznec.fr\/?p=467\">Read more<\/a><\/p>\n","protected":false},"author":1,"featured_media":0,"comment_status":"open","ping_status":"open","sticky":false,"template":"","format":"standard","meta":{"footnotes":""},"categories":[1],"tags":[],"class_list":["post-467","post","type-post","status-publish","format-standard","hentry","category-uncategorized","wpautop"],"_links":{"self":[{"href":"https:\/\/affaire-cadiou-seznec.fr\/index.php?rest_route=\/wp\/v2\/posts\/467","targetHints":{"allow":["GET"]}}],"collection":[{"href":"https:\/\/affaire-cadiou-seznec.fr\/index.php?rest_route=\/wp\/v2\/posts"}],"about":[{"href":"https:\/\/affaire-cadiou-seznec.fr\/index.php?rest_route=\/wp\/v2\/types\/post"}],"author":[{"embeddable":true,"href":"https:\/\/affaire-cadiou-seznec.fr\/index.php?rest_route=\/wp\/v2\/users\/1"}],"replies":[{"embeddable":true,"href":"https:\/\/affaire-cadiou-seznec.fr\/index.php?rest_route=%2Fwp%2Fv2%2Fcomments&post=467"}],"version-history":[{"count":0,"href":"https:\/\/affaire-cadiou-seznec.fr\/index.php?rest_route=\/wp\/v2\/posts\/467\/revisions"}],"wp:attachment":[{"href":"https:\/\/affaire-cadiou-seznec.fr\/index.php?rest_route=%2Fwp%2Fv2%2Fmedia&parent=467"}],"wp:term":[{"taxonomy":"category","embeddable":true,"href":"https:\/\/affaire-cadiou-seznec.fr\/index.php?rest_route=%2Fwp%2Fv2%2Fcategories&post=467"},{"taxonomy":"post_tag","embeddable":true,"href":"https:\/\/affaire-cadiou-seznec.fr\/index.php?rest_route=%2Fwp%2Fv2%2Ftags&post=467"}],"curies":[{"name":"wp","href":"https:\/\/api.w.org\/{rel}","templated":true}]}}