{"id":490,"date":"2014-12-19T14:39:01","date_gmt":"2014-12-19T14:39:01","guid":{"rendered":"http:\/\/affaire-seznec.w.pw\/?p=490"},"modified":"2018-04-05T12:00:40","modified_gmt":"2018-04-05T12:00:40","slug":"jacques-pradel-et-denis-seznec-nous-en-remettent-une-louche","status":"publish","type":"post","link":"https:\/\/affaire-cadiou-seznec.fr\/?p=490","title":{"rendered":"Jacques Pradel et Denis Seznec nous en remettent une louche&#8230;"},"content":{"rendered":"<p style=\"text-align: justify;\"><strong>Ce jour, dans son \u00e9mission &#8220;<em>l&#8217;heure du crime&#8221;<\/em> (RTL, de 14 h. \u00e0 15 h.), Jacques Pradel recevait Denis Seznec, Georges Fenech et Yves Boisset, pour \u00e9voquer une fois de plus l&#8217;Affaire Seznec. Et alors, me direz-vous ? Quoi de neuf ? &#8211; En r\u00e9alit\u00e9, du r\u00e9chauff\u00e9, beaucoup de r\u00e9chauff\u00e9&#8230; pas grave, voil\u00e0 d\u00e9j\u00e0 un moment que nous avons d\u00e9pass\u00e9 le stade de l&#8217;indigestion.<\/strong><\/p>\n<p style=\"text-align: justify;\"><strong>On a eu droit \u00e0 Bonny superstar, \u00e0 Marie-la carm\u00e9lite, au big trafic des cadillacs&#8230; Disons, une s\u00e9v\u00e8re piq\u00fbre de rappel, mais avec un oubli de taille : sauf distraction de ma part, le nom de de Gaulle n&#8217;a pas \u00e9t\u00e9 prononc\u00e9. On reste \u00e9bahi devant tant de b\u00eatise, quand donc aurons-nous droit\u00a0au premier document sur le trafic de cadillacs ?\u00a0<\/strong><\/p>\n<p style=\"text-align: justify;\"><strong>Seule lueur d&#8217;espoir dans cette discussion d\u00e9cevante, la position mitig\u00e9e d&#8217;Yves Boisset. Position qu&#8217;il n&#8217;a pu gu\u00e8re d\u00e9velopper, mais il a cependant \u00e9voqu\u00e9 un fait pr\u00e9cis int\u00e9ressant : un t\u00e9moignage curieux qui lui fut fait lors du tournage de son film. T\u00e9moignage qui laissait entendre la disparition du corps de Pierre Qu\u00e9m\u00e9ner, dans le four d&#8217;une briqueterie.\u00a0<\/strong><\/p>\n<p style=\"text-align: justify;\"><strong>Une bonne nouvelle : l&#8217;annonce par Denis Seznec de la pr\u00e9sentation, vers la fin janvier, d&#8217;une nouvelle demande de r\u00e9vision. Cela laisse supposer de nouveaux \u00e9l\u00e9ments, donc on s&#8217;en r\u00e9jouit par avance. Pourvu que cela ne concerne pas Bonny, Gherdi, les cadillacs&#8230; on peut r\u00eaver.<\/strong><\/p>\n","protected":false},"excerpt":{"rendered":"<p>Ce jour, dans son \u00e9mission &#8220;l&#8217;heure du crime&#8221; (RTL, de 14 h. \u00e0 15 h.), Jacques Pradel recevait Denis Seznec, Georges Fenech et Yves Boisset, pour \u00e9voquer une fois de plus l&#8217;Affaire Seznec. Et alors, me direz-vous ? Quoi de neuf ? &#8211; En r\u00e9alit\u00e9, du r\u00e9chauff\u00e9, beaucoup de r\u00e9chauff\u00e9&#8230; pas grave, voil\u00e0 d\u00e9j\u00e0 un <a class=\"read-more\" href=\"https:\/\/affaire-cadiou-seznec.fr\/?p=490\">Read more<\/a><\/p>\n","protected":false},"author":1,"featured_media":0,"comment_status":"open","ping_status":"open","sticky":false,"template":"","format":"standard","meta":{"footnotes":""},"categories":[1],"tags":[],"class_list":["post-490","post","type-post","status-publish","format-standard","hentry","category-uncategorized","wpautop"],"_links":{"self":[{"href":"https:\/\/affaire-cadiou-seznec.fr\/index.php?rest_route=\/wp\/v2\/posts\/490","targetHints":{"allow":["GET"]}}],"collection":[{"href":"https:\/\/affaire-cadiou-seznec.fr\/index.php?rest_route=\/wp\/v2\/posts"}],"about":[{"href":"https:\/\/affaire-cadiou-seznec.fr\/index.php?rest_route=\/wp\/v2\/types\/post"}],"author":[{"embeddable":true,"href":"https:\/\/affaire-cadiou-seznec.fr\/index.php?rest_route=\/wp\/v2\/users\/1"}],"replies":[{"embeddable":true,"href":"https:\/\/affaire-cadiou-seznec.fr\/index.php?rest_route=%2Fwp%2Fv2%2Fcomments&post=490"}],"version-history":[{"count":0,"href":"https:\/\/affaire-cadiou-seznec.fr\/index.php?rest_route=\/wp\/v2\/posts\/490\/revisions"}],"wp:attachment":[{"href":"https:\/\/affaire-cadiou-seznec.fr\/index.php?rest_route=%2Fwp%2Fv2%2Fmedia&parent=490"}],"wp:term":[{"taxonomy":"category","embeddable":true,"href":"https:\/\/affaire-cadiou-seznec.fr\/index.php?rest_route=%2Fwp%2Fv2%2Fcategories&post=490"},{"taxonomy":"post_tag","embeddable":true,"href":"https:\/\/affaire-cadiou-seznec.fr\/index.php?rest_route=%2Fwp%2Fv2%2Ftags&post=490"}],"curies":[{"name":"wp","href":"https:\/\/api.w.org\/{rel}","templated":true}]}}