{"id":530,"date":"2015-01-15T16:20:36","date_gmt":"2015-01-15T16:20:36","guid":{"rendered":"http:\/\/affaire-seznec.w.pw\/?p=530"},"modified":"2018-04-05T12:00:22","modified_gmt":"2018-04-05T12:00:22","slug":"dernier-tour-de-piste-pour-denis-seznec","status":"publish","type":"post","link":"https:\/\/affaire-cadiou-seznec.fr\/?p=530","title":{"rendered":"dernier tour de piste pour Denis Seznec ?"},"content":{"rendered":"<p style=\"text-align: justify;\"><strong>Ce vendredi (16 janvier), le petit-fils est l&#8217;invit\u00e9 d&#8217;un d\u00eener-d\u00e9bat \u00e0 Saint Cyr sur Loire. Possible qu&#8217;il s&#8217;agisse l\u00e0 de sa derni\u00e8re repr\u00e9sentation publique avant la sortie de l&#8217;ouvrage de Denis Langlois (12 f\u00e9vrier). Apr\u00e8s, on peut penser que l&#8217;h\u00e9ritier de la cause, ic\u00f4ne bien \u00e9corn\u00e9e, aura bien des difficult\u00e9s dans la prospection\u00a0de nouveaux clients.<\/strong><\/p>\n<p style=\"text-align: justify;\"><a href=\"https:\/\/affaire-cadiou-seznec.fr\/wp-content\/uploads\/2015\/01\/250-aff-sezenec.jpg\"><img loading=\"lazy\" decoding=\"async\" class=\"aligncenter  wp-image-531\" src=\"https:\/\/affaire-cadiou-seznec.fr\/wp-content\/uploads\/2015\/01\/250-aff-sezenec.jpg\" alt=\"250-aff-sezenec\" width=\"314\" height=\"468\" srcset=\"https:\/\/affaire-cadiou-seznec.fr\/wp-content\/uploads\/2015\/01\/250-aff-sezenec.jpg 250w, https:\/\/affaire-cadiou-seznec.fr\/wp-content\/uploads\/2015\/01\/250-aff-sezenec-201x300.jpg 201w\" sizes=\"auto, (max-width: 314px) 100vw, 314px\" \/><\/a><\/p>\n<p style=\"text-align: justify;\"><strong>L&#8217;annonce est relay\u00e9e ici, sur ce blog, car c\u00f4t\u00e9 France-Justice, c&#8217;est silence radio &#8211; rien ou presque sur leur site courant 2014 et Assembl\u00e9e G\u00e9n\u00e9rale zapp\u00e9e &#8211; le nouveau pr\u00e9sident aux abonn\u00e9s absent&#8230; possible que Jean-Marie Digout soit absorb\u00e9 \u00e0 recenser les cadillacs qui rouillent dans tous les hangars des fermes du Finist\u00e8re ? &#8211; bref, on sent que le moral n&#8217;y est plus&#8230; et ce satan\u00e9 Langlois qui se pointe&#8230; une ann\u00e9e bien pourrie cette ann\u00e9e 2015&#8230;<\/strong><\/p>\n<p style=\"text-align: justify;\"><em>NB : nous avons pu lire ici et l\u00e0 des allusions et des propos d\u00e9plac\u00e9s et malveillants \u00e0 notre endroit, nous n&#8217;y r\u00e9pondrons pas, d&#8217;autant que face \u00e0 l&#8217;absurdit\u00e9 et \u00e0 la b\u00eatise, nous nous sentons vraiment d\u00e9sarm\u00e9s &#8211; un peu de discernement et de d\u00e9cence ne nuiraient pas, un semblant de courtoisie non plus&#8230; car, comme dirait Charlie\u00a0: &#8220;\u00e7a vous arrach&#8217;rait pas trop la g&#8230; et \u00e7a m&#8217;frait bien plaisir&#8221;.<\/em><\/p>\n","protected":false},"excerpt":{"rendered":"<p>Ce vendredi (16 janvier), le petit-fils est l&#8217;invit\u00e9 d&#8217;un d\u00eener-d\u00e9bat \u00e0 Saint Cyr sur Loire. Possible qu&#8217;il s&#8217;agisse l\u00e0 de sa derni\u00e8re repr\u00e9sentation publique avant la sortie de l&#8217;ouvrage de Denis Langlois (12 f\u00e9vrier). Apr\u00e8s, on peut penser que l&#8217;h\u00e9ritier de la cause, ic\u00f4ne bien \u00e9corn\u00e9e, aura bien des difficult\u00e9s dans la prospection\u00a0de nouveaux clients. <a class=\"read-more\" href=\"https:\/\/affaire-cadiou-seznec.fr\/?p=530\">Read more<\/a><\/p>\n","protected":false},"author":1,"featured_media":0,"comment_status":"open","ping_status":"open","sticky":false,"template":"","format":"standard","meta":{"footnotes":""},"categories":[1],"tags":[],"class_list":["post-530","post","type-post","status-publish","format-standard","hentry","category-uncategorized","wpautop"],"_links":{"self":[{"href":"https:\/\/affaire-cadiou-seznec.fr\/index.php?rest_route=\/wp\/v2\/posts\/530","targetHints":{"allow":["GET"]}}],"collection":[{"href":"https:\/\/affaire-cadiou-seznec.fr\/index.php?rest_route=\/wp\/v2\/posts"}],"about":[{"href":"https:\/\/affaire-cadiou-seznec.fr\/index.php?rest_route=\/wp\/v2\/types\/post"}],"author":[{"embeddable":true,"href":"https:\/\/affaire-cadiou-seznec.fr\/index.php?rest_route=\/wp\/v2\/users\/1"}],"replies":[{"embeddable":true,"href":"https:\/\/affaire-cadiou-seznec.fr\/index.php?rest_route=%2Fwp%2Fv2%2Fcomments&post=530"}],"version-history":[{"count":0,"href":"https:\/\/affaire-cadiou-seznec.fr\/index.php?rest_route=\/wp\/v2\/posts\/530\/revisions"}],"wp:attachment":[{"href":"https:\/\/affaire-cadiou-seznec.fr\/index.php?rest_route=%2Fwp%2Fv2%2Fmedia&parent=530"}],"wp:term":[{"taxonomy":"category","embeddable":true,"href":"https:\/\/affaire-cadiou-seznec.fr\/index.php?rest_route=%2Fwp%2Fv2%2Fcategories&post=530"},{"taxonomy":"post_tag","embeddable":true,"href":"https:\/\/affaire-cadiou-seznec.fr\/index.php?rest_route=%2Fwp%2Fv2%2Ftags&post=530"}],"curies":[{"name":"wp","href":"https:\/\/api.w.org\/{rel}","templated":true}]}}