{"id":569,"date":"2015-01-19T09:38:40","date_gmt":"2015-01-19T09:38:40","guid":{"rendered":"http:\/\/affaire-seznec.w.pw\/?p=569"},"modified":"2018-04-05T12:00:11","modified_gmt":"2018-04-05T12:00:11","slug":"chacun-son-escroc","status":"publish","type":"post","link":"https:\/\/affaire-cadiou-seznec.fr\/?p=569","title":{"rendered":"&#8230; \u00e0 chacun son escroc&#8230;"},"content":{"rendered":"<p style=\"text-align: justify;\"><strong>Nous avons pu lire\u00a0des d\u00e9tails sur deux \u00e9nergum\u00e8nes, connus des services, et biens sous tous rapports. Je veux parler des camarades Vacqui\u00e9 et Gautier. Ces personnages hauts en couleur ont men\u00e9 une carri\u00e8re professionnelle digne d&#8217;int\u00e9r\u00eat. Avec t\u00e9nacit\u00e9 et un esprit d&#8217;entreprise chevill\u00e9 au corps, ils ont su gagner la confiance d&#8217;interlocuteurs divers et vari\u00e9s et pas trop regardants sur les \u00e9conomies du m\u00e9nage. Portant beau et h\u00e2bleurs distingu\u00e9s, ils ont r\u00e9ussi, avec habilet\u00e9, \u00e0 se sortir de situations bien d\u00e9licates. Jamais abattus, jamais fatalistes, \u00e0 chaque fois ils ont retrouss\u00e9 (et d\u00e9trouss\u00e9) les manches. Ils sont des &#8220;oubli\u00e9s&#8221; du dossier Seznec &#8211; faisant partie d&#8217;une sorte de caste d&#8217;intouchables &#8211; particularit\u00e9 curieuse de ses membres : sans int\u00e9r\u00eat pour l&#8217;accusation, sans int\u00e9r\u00eat pour la d\u00e9fense, sans int\u00e9r\u00eat pour les \u00e9crivains et commentateurs.<\/strong><\/p>\n<p style=\"text-align: justify;\"><strong>Pierre Qu\u00e9m\u00e9ner et Guillaume Seznec se sont-ils laiss\u00e9s abuser par nos deux lascars ? La question se pose&#8230; avec plus de 90 ans de retard. Il ne sera dons pas ais\u00e9 d&#8217;y r\u00e9pondre. Les deux articles auxquels je fais allusion permettent de se faire une id\u00e9e pr\u00e9cise de leurs curriculum vitae. Dress\u00e9s \u00e0 partir de sources g\u00e9n\u00e9alogiques (\u00e9tat-civil, registres matricules&#8230;) et d&#8217;articles de presse, ils nous permettent d&#8217;en savoir d\u00e9j\u00e0 beaucoup (merci aux internautes patients et passionn\u00e9s), mais cette base riche et s\u00e9rieuse demande \u00e0 \u00eatre compl\u00e9t\u00e9e afin d&#8217;avancer dans la compr\u00e9hension des liens entre Qu\u00e9m\u00e9ner et Vacqui\u00e9 d&#8217;une part, Seznec et Gautier d&#8217;autre part. Pourquoi ce travail, \u00e0 l&#8217;\u00e9vidence, essentiel, n&#8217;a pas \u00e9t\u00e9 men\u00e9 lors de l&#8217;instruction ? Pourquoi Jean Pouliquen et ses conseils, par ailleurs si bien renseign\u00e9s, ont manqu\u00e9 de curiosit\u00e9 au sujet de l&#8217;aller-retour touristique de Seznec \u00e0 Paris les 1\/2\/3 juin ? Pourquoi la d\u00e9fense s&#8217;est peu inqui\u00e9t\u00e9 de l&#8217;activit\u00e9, des relations d&#8217;un Beyss\u00e8re des Horts sur Brest, Lesneven, Landerneau ?<\/strong><\/p>\n<p style=\"text-align: justify;\"><strong>Aujourd&#8217;hui, les sources en ligne exploit\u00e9es, il y a n\u00e9cessit\u00e9 de poursuivre la recherche dans les archives. C&#8217;est un travail cons\u00e9quent et souvent ingrat car la chance, \u00e9l\u00e9ment essentiel pour la r\u00e9ussite, n&#8217;est pas souvent au rendez-vous. D&#8217;autre part, il faut faire avec ce qu&#8217;il y a, c&#8217;est-\u00e0-dire parfois pas grand chose &#8211; c&#8217;est le cas, par exemple, pour les archives du Tribunal de Commerce de Brest, comme pour les archives judiciaires d&#8217;entre les deux guerres pour Paris. Les lacunes sont nombreuses et p\u00e9nalisantes.<\/strong><\/p>\n<p style=\"text-align: justify;\"><strong>Pourra t-on un jour compl\u00e9ter la carri\u00e8re de Gaston Vacqui\u00e9 ? Quelqu&#8217;un pourra t-il nous informer sur son extradition suppos\u00e9e et la suite judiciaire ? Voil\u00e0 un escroc professionnel qui faisait fi des condamnations. Rappelons que ses exploits avec la BPC ne lui valurent, en 1924, que quelques mois de prison &#8211; son jugement pour les faits, en 1927, \u00e0 quatre ans de prison, ne l&#8217;impressionna gu\u00e8re car il remettra le couvert d\u00e8s 1928. Un travailleur m\u00e9ritant, le Gaston.\u00a0<\/strong><\/p>\n<p style=\"text-align: justify;\"><strong>Le Cas Gautier : tout un po\u00e8me&#8230; proven\u00e7al, \u00e9videmment. Joseph, escroc de la premi\u00e8re heure,\u00a0a fr\u00e9quent\u00e9 davantage les pr\u00e9toires en tant qu&#8217;accus\u00e9 qu&#8217;en tant que d\u00e9fenseur. D&#8217;ailleurs, \u00e0 ma connaissance il n&#8217;a jamais plaid\u00e9 avant d&#8217;\u00eatre radi\u00e9 du barreau de Marseille&#8230; ni apr\u00e8s. La po\u00e9sie ne nourrissant pas son homme, il n&#8217;a pas h\u00e9sit\u00e9 tr\u00e8s t\u00f4t \u00e0 se faire la main sur son ami po\u00e8te, Louis Roumieux (sur sa famille, pour \u00eatre exact). Son ami d\u00e9c\u00e9d\u00e9 (ils avaient d\u00een\u00e9 ensemble la veille), s&#8217;asseyant sur tous principes, il ne trouva pas mieux que de monnayer illico les \u0153uvres dont il \u00e9tait d\u00e9positaire du fait de son statut de directeur testamentaire de la propri\u00e9t\u00e9 litt\u00e9raire de feu son ami. La suite est une litanie de d\u00e9lits qui laisse pantois. Cependant, a contrario de Vacqui\u00e9, il semble qu&#8217;avec l&#8217;\u00e2ge, il se soit rang\u00e9 des voitures. Aucune mention dans la rubrique des faits divers, dans les vingt derni\u00e8res ann\u00e9es de son activit\u00e9. Est-ce l&#8217;affaire Seznec qui marque un arr\u00eat dans ses activit\u00e9s d\u00e9licteuses ? On peut l\u00e9gitimement se poser la question. La\u00a0grande interrogation reste cependant son absence totale dans le dossier d&#8217;instruction. Sans int\u00e9r\u00eat, vous dis-je. Et que penser \u00e9galement du silence quasi g\u00e9n\u00e9ral de la presse parisienne ? A l&#8217;\u00e9vidence, l&#8217;important \u00e9tait d&#8217;entretenir des journalistes \u00e0 La Terrasse, \u00e0 Morlaix, non d&#8217;aller, du c\u00f4t\u00e9 de la Bourse, interroger le brave Joseph.<\/strong><\/p>\n<p style=\"text-align: justify;\"><strong>Quelle est l&#8217;implication de nos deux zigotos dans l&#8217;histoire ? That&#8217;s the question. Deux personnes en qu\u00eate d&#8217;argent frais, Qu\u00e9mener et Seznec, sont des cibles faciles pour deux escrocs patent\u00e9s. Qu\u00e9m\u00e9ner approch\u00e9 pour une position avantageuse dans l&#8217;organigramme de la BPC ? Possible. Mais comment articuler cela avec le trafic (r\u00e9el ou pas) des cadillacs ? Seznec chez Gautier, en qu\u00eate d&#8217;une aide judiciaire pour une affaire b\u00e9nigne l&#8217;opposant \u00e0 un avou\u00e9 morlaisien ? Possible, mais si De Jaegher ne s&#8217;\u00e9tait pas montr\u00e9 un peu trop bavard, aurions-nous eu \u00e9cho de cette visite ? Est-ce bien la lecture d&#8217;une annonce dans la presse, vantant les comp\u00e9tences du conseiller Gautier, qui conduit Seznec \u00e0 sonner \u00e0 sa porte ? Autant de questions en suspens qui n&#8217;ont gu\u00e8re \u00e9mu grand monde \u00e0 ce jour. Raison de plus pour s&#8217;y int\u00e9resser&#8230;<\/strong><\/p>\n<p style=\"text-align: justify;\">\n","protected":false},"excerpt":{"rendered":"<p>Nous avons pu lire\u00a0des d\u00e9tails sur deux \u00e9nergum\u00e8nes, connus des services, et biens sous tous rapports. Je veux parler des camarades Vacqui\u00e9 et Gautier. Ces personnages hauts en couleur ont men\u00e9 une carri\u00e8re professionnelle digne d&#8217;int\u00e9r\u00eat. Avec t\u00e9nacit\u00e9 et un esprit d&#8217;entreprise chevill\u00e9 au corps, ils ont su gagner la confiance d&#8217;interlocuteurs divers et vari\u00e9s <a class=\"read-more\" href=\"https:\/\/affaire-cadiou-seznec.fr\/?p=569\">Read more<\/a><\/p>\n","protected":false},"author":1,"featured_media":0,"comment_status":"open","ping_status":"open","sticky":false,"template":"","format":"standard","meta":{"footnotes":""},"categories":[1],"tags":[],"class_list":["post-569","post","type-post","status-publish","format-standard","hentry","category-uncategorized","wpautop"],"_links":{"self":[{"href":"https:\/\/affaire-cadiou-seznec.fr\/index.php?rest_route=\/wp\/v2\/posts\/569","targetHints":{"allow":["GET"]}}],"collection":[{"href":"https:\/\/affaire-cadiou-seznec.fr\/index.php?rest_route=\/wp\/v2\/posts"}],"about":[{"href":"https:\/\/affaire-cadiou-seznec.fr\/index.php?rest_route=\/wp\/v2\/types\/post"}],"author":[{"embeddable":true,"href":"https:\/\/affaire-cadiou-seznec.fr\/index.php?rest_route=\/wp\/v2\/users\/1"}],"replies":[{"embeddable":true,"href":"https:\/\/affaire-cadiou-seznec.fr\/index.php?rest_route=%2Fwp%2Fv2%2Fcomments&post=569"}],"version-history":[{"count":0,"href":"https:\/\/affaire-cadiou-seznec.fr\/index.php?rest_route=\/wp\/v2\/posts\/569\/revisions"}],"wp:attachment":[{"href":"https:\/\/affaire-cadiou-seznec.fr\/index.php?rest_route=%2Fwp%2Fv2%2Fmedia&parent=569"}],"wp:term":[{"taxonomy":"category","embeddable":true,"href":"https:\/\/affaire-cadiou-seznec.fr\/index.php?rest_route=%2Fwp%2Fv2%2Fcategories&post=569"},{"taxonomy":"post_tag","embeddable":true,"href":"https:\/\/affaire-cadiou-seznec.fr\/index.php?rest_route=%2Fwp%2Fv2%2Ftags&post=569"}],"curies":[{"name":"wp","href":"https:\/\/api.w.org\/{rel}","templated":true}]}}