{"id":629,"date":"2015-01-30T10:30:54","date_gmt":"2015-01-30T10:30:54","guid":{"rendered":"http:\/\/affaire-seznec.w.pw\/?p=629"},"modified":"2018-04-05T11:59:27","modified_gmt":"2018-04-05T11:59:27","slug":"breve-sur-bonny-le-et-ses-camarades-de-saint-pabu","status":"publish","type":"post","link":"https:\/\/affaire-cadiou-seznec.fr\/?p=629","title":{"rendered":"br\u00e8ve sur Bonny, Le Her et ses camarades du camp de Saint-Pabu"},"content":{"rendered":"<p style=\"text-align: justify;\"><strong>Occupation, collaboration, \u00e9puration<\/strong>&#8230;<\/p>\n<p style=\"text-align: justify;\"><strong> la prononciation de ces trois mots continue \u00e0 susciter bien des discussions, \u00e0 raviver des plaies.\u00a0Dans l&#8217;affaire qui nous concerne, on a deux acteurs de cette p\u00e9riode. Le premier, Pierre Bonny, qu&#8217;on ne pr\u00e9sente plus &#8211; son activit\u00e9, rue Lauriston, avec son comparse Laffont, est connue de tous. Le second, Fran\u00e7ois Le Her, de toute autre envergure,\u00a0fait son petit commerce du c\u00f4t\u00e9 de Ploudal.<\/strong><\/p>\n<p style=\"text-align: justify;\"><strong>En 1948, les choses s&#8217;emballent, Ma\u00eetre Raymond Hubert s&#8217;emploie \u00e0 constituer un dossier de demande de r\u00e9vision, des t\u00e9moignages lui parviennent. Au hameau de Kergleuchac&#8217;h, en octobre, Fran\u00e7ois Le Her \u00a0passe \u00e0 la trappe et son \u00e9pouse Jeanne Seznec conna\u00eet temporairement la prison avant de s&#8217;expliquer en cour d&#8217;Assises.<\/strong><\/p>\n<p style=\"text-align: justify;\"><strong>A sa sortie de la prison de Landerneau, Jeanne Seznec s&#8217;exprime dans Le T\u00e9l\u00e9gramme sur une possible relation entre Bonny et Le Her :<\/strong><\/p>\n<p style=\"text-align: justify;\"><em>&#8220;C&#8217;\u00e9tait sous l&#8217;occupation. Un jour, d\u00e9barquant d&#8217;une splendide voiture de ma\u00eetre, conduite par un chauffeur, arriva \u00e0 Plourin, un monsieur assez jeune, \u00e9l\u00e9gant, portant une petite moustache noire. Mon mari l&#8217;accompagnait, revenant de Paris avec ce monsieur. Cet homme est rest\u00e9 quelques minutes dans la chambre avec mon mari et il est reparti. A plusieurs reprises, et une r\u00e9fugi\u00e9e de Brest, Mme Chapalain, pourra le confirmer, cet homme \u00e9l\u00e9gant est revenu \u00e0 Plourin, toujours dans sa grosse voiture de ma\u00eetre. Jamais je n&#8217;ai su son nom, \u00e9tant donn\u00e9 qu&#8217;\u00e0 chacune de ses visites, il se bornait \u00e0 faire les cent pas sur la route avec mon mari, qui, \u00e0 aucun moment, ne me r\u00e9v\u00e9la l&#8217;identit\u00e9 de son ami qui, \u00e9tant donn\u00e9 son allure et sa luxueuse voiture devait certainement avoir de belles relations avec les occupants. Avant que Jeanne Le Her nous ait donn\u00e9 sa conclusion, nous avons devin\u00e9 sa pens\u00e9e : l&#8217;homme \u00e9l\u00e9gant, celui qui portait une plume de perdrix au ruban de son chapeau mou, l&#8217;homme \u00e0 la petite moustache, brune, l&#8217;ami, le confident de Le Her, c&#8217;\u00e9tait certainement Bony ! Le fameux Bony ! On pourra sans doute l&#8217;\u00e9tablir avec certitude. Ce jour-l\u00e0 la r\u00e9vision du proc\u00e8s de Guillaume Seznec aura fait un pas de g\u00e9ant vers la v\u00e9rit\u00e9. (Jean Klein)<\/em>.&#8221;<\/p>\n<p style=\"text-align: justify;\"><strong>Cette d\u00e9claration de Jeanne Seznec \u00e0 la presse ne sera pas renouvel\u00e9e devant les enqu\u00eateurs. Elle affirmera, en 1956, n&#8217;avoir jamais crois\u00e9 Bonny. On notera aussi le revirement de circonstance du T\u00e9l\u00e9gramme, successeur de La D\u00e9p\u00eache. Suite aux d\u00e9clarations diverses des uns et des autres, les enqu\u00eateurs auditionnent &#8211; notamment les prisonniers de Saint-Pabu. il n&#8217;en sort rien de concret se rapportant \u00e0 l&#8217;affaire Seznec, d&#8217;ailleurs aucun document en ce sens n&#8217;est produit dans la demande de r\u00e9vision.<\/strong><\/p>\n<p style=\"text-align: justify;\"><strong>En 1956, le duo Bal\/Jeanne Seznec remet sur le tapis une implication de Fran\u00e7ois le Her dans la disparition de Guillaume Seznec &#8211; cela donnant lieu \u00e0 quelques frictions chez le duo en question ainsi que dans la famille Seznec. Il est notamment avanc\u00e9 que Le Her se serait confi\u00e9 sur le sujet lors de sa d\u00e9tention \u00e0 Saint-Pabu. Donc, rebelote, ses camarades de cellule sont de nouveau appel\u00e9s \u00e0 d\u00e9poser.<\/strong><\/p>\n<p style=\"text-align: justify;\"><strong>Qu&#8217;apprend-on de nouveau ? A vrai dire pas grand chose&#8230;. la confirmation de la personnalit\u00e9 de Fran\u00e7ois Le Her, la d\u00e9lation, les d\u00e9nonciations calomnieuses, le z\u00e8le des r\u00e9sistants de la 25e heure trop heureux de se refaire une virginit\u00e9 \u00e0 pas cher. Un mic-mac que des enqu\u00eateurs am\u00e9ricains essaient de d\u00e9m\u00ealer. Bien malin celui qui, aujourd&#8217;hui, peut dresser sur la question, un tableau pr\u00e9cis et incontestable.<\/strong><\/p>\n<p style=\"text-align: justify;\">Ci-dessous, deux extraits de p.v. de 1956 \u00a0concernant deux prisonniers de Saint-Pabu (volontairement je n&#8217;indique pas les noms)<\/p>\n<p style=\"text-align: justify;\"><img loading=\"lazy\" decoding=\"async\" class=\"aligncenter  wp-image-630\" src=\"https:\/\/affaire-cadiou-seznec.fr\/wp-content\/uploads\/2015\/01\/st-pabu2.jpg\" alt=\"st-pabu2\" width=\"1010\" height=\"1290\" srcset=\"https:\/\/affaire-cadiou-seznec.fr\/wp-content\/uploads\/2015\/01\/st-pabu2.jpg 1569w, https:\/\/affaire-cadiou-seznec.fr\/wp-content\/uploads\/2015\/01\/st-pabu2-235x300.jpg 235w, https:\/\/affaire-cadiou-seznec.fr\/wp-content\/uploads\/2015\/01\/st-pabu2-801x1024.jpg 801w, https:\/\/affaire-cadiou-seznec.fr\/wp-content\/uploads\/2015\/01\/st-pabu2-588x751.jpg 588w\" sizes=\"auto, (max-width: 1010px) 100vw, 1010px\" \/><\/p>\n<p style=\"text-align: justify;\"><img loading=\"lazy\" decoding=\"async\" class=\"aligncenter  wp-image-631\" src=\"https:\/\/affaire-cadiou-seznec.fr\/wp-content\/uploads\/2015\/01\/st-pabu1.jpg\" alt=\"st-pabu1\" width=\"1016\" height=\"1176\" srcset=\"https:\/\/affaire-cadiou-seznec.fr\/wp-content\/uploads\/2015\/01\/st-pabu1.jpg 1675w, https:\/\/affaire-cadiou-seznec.fr\/wp-content\/uploads\/2015\/01\/st-pabu1-259x300.jpg 259w, https:\/\/affaire-cadiou-seznec.fr\/wp-content\/uploads\/2015\/01\/st-pabu1-885x1024.jpg 885w, https:\/\/affaire-cadiou-seznec.fr\/wp-content\/uploads\/2015\/01\/st-pabu1-588x680.jpg 588w\" sizes=\"auto, (max-width: 1016px) 100vw, 1016px\" \/><\/p>\n<p style=\"text-align: justify;\"><strong>Je ne reviendrai sans doute pas sur le sujet. Il ne fait pas avancer la compr\u00e9hension de l&#8217;affaire Seznec. A mon sens, il serait plus utile que les moralisateurs de 2015 s&#8217;ing\u00e9nient \u00e0 d\u00e9busquer d&#8217;autres curiosit\u00e9s. Ainsi, ils pourraient nous dire un jour pourquoi Jeanne Seznec, pour sa d\u00e9fense, a choisi Ma\u00eetre de L&#8217;H\u00f4pital fils pour seconder Ma\u00eetre Raymond Hubert. A premi\u00e8re vue, cela ne \u00a0va pas de soi et d\u00e9sar\u00e7onne le simple quidam qui regarde au-del\u00e0 de Saint Pabu. Si \u00e0 Landerneau, il y avait deux personnes qui se connaissaient, c&#8217;\u00e9tait bien Qu\u00e9m\u00e9ner et de L&#8217;H\u00f4pital p\u00e8re (tous deux conseillers g\u00e9n\u00e9raux du Finist\u00e8re \u00e0 la m\u00eame p\u00e9riode et le second, successeur de Legrand comme maire de Landerneau), donc \u00e0 premi\u00e8re vue il y a l\u00e0 une curiosit\u00e9 qui m\u00e9rite d&#8217;\u00eatre creus\u00e9e&#8230; avis aux &#8220;sp\u00e9cialistes du camp de Saint-Pabu&#8221;&#8230;<\/strong><\/p>\n","protected":false},"excerpt":{"rendered":"<p>Occupation, collaboration, \u00e9puration&#8230; la prononciation de ces trois mots continue \u00e0 susciter bien des discussions, \u00e0 raviver des plaies.\u00a0Dans l&#8217;affaire qui nous concerne, on a deux acteurs de cette p\u00e9riode. Le premier, Pierre Bonny, qu&#8217;on ne pr\u00e9sente plus &#8211; son activit\u00e9, rue Lauriston, avec son comparse Laffont, est connue de tous. Le second, Fran\u00e7ois Le <a class=\"read-more\" href=\"https:\/\/affaire-cadiou-seznec.fr\/?p=629\">Read more<\/a><\/p>\n","protected":false},"author":1,"featured_media":0,"comment_status":"open","ping_status":"open","sticky":false,"template":"","format":"standard","meta":{"footnotes":""},"categories":[1],"tags":[],"class_list":["post-629","post","type-post","status-publish","format-standard","hentry","category-uncategorized","wpautop"],"_links":{"self":[{"href":"https:\/\/affaire-cadiou-seznec.fr\/index.php?rest_route=\/wp\/v2\/posts\/629","targetHints":{"allow":["GET"]}}],"collection":[{"href":"https:\/\/affaire-cadiou-seznec.fr\/index.php?rest_route=\/wp\/v2\/posts"}],"about":[{"href":"https:\/\/affaire-cadiou-seznec.fr\/index.php?rest_route=\/wp\/v2\/types\/post"}],"author":[{"embeddable":true,"href":"https:\/\/affaire-cadiou-seznec.fr\/index.php?rest_route=\/wp\/v2\/users\/1"}],"replies":[{"embeddable":true,"href":"https:\/\/affaire-cadiou-seznec.fr\/index.php?rest_route=%2Fwp%2Fv2%2Fcomments&post=629"}],"version-history":[{"count":0,"href":"https:\/\/affaire-cadiou-seznec.fr\/index.php?rest_route=\/wp\/v2\/posts\/629\/revisions"}],"wp:attachment":[{"href":"https:\/\/affaire-cadiou-seznec.fr\/index.php?rest_route=%2Fwp%2Fv2%2Fmedia&parent=629"}],"wp:term":[{"taxonomy":"category","embeddable":true,"href":"https:\/\/affaire-cadiou-seznec.fr\/index.php?rest_route=%2Fwp%2Fv2%2Fcategories&post=629"},{"taxonomy":"post_tag","embeddable":true,"href":"https:\/\/affaire-cadiou-seznec.fr\/index.php?rest_route=%2Fwp%2Fv2%2Ftags&post=629"}],"curies":[{"name":"wp","href":"https:\/\/api.w.org\/{rel}","templated":true}]}}