{"id":666,"date":"2015-02-20T15:58:01","date_gmt":"2015-02-20T15:58:01","guid":{"rendered":"http:\/\/affaire-seznec.w.pw\/?p=666"},"modified":"2018-04-05T11:58:56","modified_gmt":"2018-04-05T11:58:56","slug":"quand-nos-deux-lascars-alimentent-la-chronique-des-faits-divers","status":"publish","type":"post","link":"https:\/\/affaire-cadiou-seznec.fr\/?p=666","title":{"rendered":"&#8230; quand nos deux lascars alimentent la rubrique des faits divers&#8230;"},"content":{"rendered":"<p style=\"text-align: justify;\"><strong>Quand on vous dit que Pierre Qu\u00e9m\u00e9ner et Guillaume Seznec sont surtout honn\u00eates et pacifiques, d&#8217;accord un peu roublards, mais pas plus que la moyenne.<\/strong><\/p>\n<p style=\"text-align: justify;\"><strong>Le premier, la ferme familiale vendue, s&#8217;installe \u00e0 Saint-Sauveur, le village le plus proche.\u00a0Un caf\u00e9-\u00e9picerie aide \u00e0 la subsistance familiale, mais bien vite l&#8217;ami Pierrot s&#8217;initie au commerce en tous genres et notamment \u00e0 celui du lambig, pr\u00e9cieux breuvage qui r\u00e9chauffe le c\u0153ur et refroidit les tasses &#8211; prendre quelque risque pour grossir son bas de laine, ne l&#8217;effraie pas, mais c&#8217;est sans compter avec le z\u00e8le et l&#8217;efficacit\u00e9 de la patrouille &#8211; et finalement, cela conduit \u00e0 quelques d\u00e9sagr\u00e9ments et \u00e0 une obligation de s&#8217;expliquer devant le tribunal pour manquement \u00e0 la l\u00e9galit\u00e9 &#8211; C&#8217;est bien ce qui lui arrive le 24 octobre 1910 <\/strong>(le deuxi\u00e8me extrait concerne bien la m\u00eame personne),<strong><br \/>\n<\/strong><\/p>\n<p style=\"text-align: justify;\"><em>(merci \u00e0 &#8220;olijuseb&#8221;, pour le tuyau sur cette info &#8211; source : Ouest-Eclair)<\/em><\/p>\n<p style=\"text-align: justify;\"><img loading=\"lazy\" decoding=\"async\" class=\"  wp-image-667 aligncenter\" src=\"https:\/\/affaire-cadiou-seznec.fr\/wp-content\/uploads\/2015\/02\/quemener-1910-1.jpg\" alt=\"quemener-1910-1\" width=\"555\" height=\"451\" srcset=\"https:\/\/affaire-cadiou-seznec.fr\/wp-content\/uploads\/2015\/02\/quemener-1910-1.jpg 413w, https:\/\/affaire-cadiou-seznec.fr\/wp-content\/uploads\/2015\/02\/quemener-1910-1-300x244.jpg 300w\" sizes=\"auto, (max-width: 555px) 100vw, 555px\" \/><\/p>\n<p style=\"text-align: justify;\"><img loading=\"lazy\" decoding=\"async\" class=\"  wp-image-668 aligncenter\" src=\"https:\/\/affaire-cadiou-seznec.fr\/wp-content\/uploads\/2015\/02\/quemener-1910-2.jpg\" alt=\"quemener-1910-2\" width=\"550\" height=\"340\" srcset=\"https:\/\/affaire-cadiou-seznec.fr\/wp-content\/uploads\/2015\/02\/quemener-1910-2.jpg 399w, https:\/\/affaire-cadiou-seznec.fr\/wp-content\/uploads\/2015\/02\/quemener-1910-2-300x186.jpg 300w\" sizes=\"auto, (max-width: 550px) 100vw, 550px\" \/><\/p>\n<p style=\"text-align: justify;\"><strong>Le camarade Guillaume, quant \u00e0 lui, est r\u00e9put\u00e9 taiseux, dur en affaires mais doux et pacifique. Sauf que, y&#8217;a des fois, o\u00f9 il faut pas l&#8217;\u00e9nerver le gars Guillaume et si d&#8217;aventure quelqu&#8217;un se met en travers de son chemin, cela peut se g\u00e2ter&#8230; comme en ce jour de fin octobre 1916<\/strong><\/p>\n<p style=\"text-align: center;\"><img loading=\"lazy\" decoding=\"async\" class=\"aligncenter  wp-image-671\" src=\"https:\/\/affaire-cadiou-seznec.fr\/wp-content\/uploads\/2015\/02\/seznec-tremilliau-1_page_1.jpg\" alt=\"seznec-tremilliau-1_page_1\" width=\"530\" height=\"372\" srcset=\"https:\/\/affaire-cadiou-seznec.fr\/wp-content\/uploads\/2015\/02\/seznec-tremilliau-1_page_1.jpg 349w, https:\/\/affaire-cadiou-seznec.fr\/wp-content\/uploads\/2015\/02\/seznec-tremilliau-1_page_1-300x211.jpg 300w\" sizes=\"auto, (max-width: 530px) 100vw, 530px\" \/><\/p>\n<p style=\"text-align: justify;\"><strong>Deux jours plus tard, \u00e0 son tour, Guillaume Seznec portait plainte pour coups et blessures, pr\u00e9textant qu&#8217;il n&#8217;avait fait que r\u00e9pondre \u00e0 une agression violente du plaignant &#8211; observons que ce dernier \u00e9tait en famille et qu&#8217;\u00e0 65 ans, il avait sans doute perdu un peu de\u00a0sa souplesse et de son agilet\u00e9&#8230;<\/strong> (source : La D\u00e9p\u00eache de Brest).<strong><br \/>\n<\/strong><\/p>\n<p style=\"text-align: left;\"><strong><em>Nous vous tiendrons au courant, d\u00e8s que possible, des suites de l&#8217;affaire&#8230;<\/em><\/strong><\/p>\n","protected":false},"excerpt":{"rendered":"<p>Quand on vous dit que Pierre Qu\u00e9m\u00e9ner et Guillaume Seznec sont surtout honn\u00eates et pacifiques, d&#8217;accord un peu roublards, mais pas plus que la moyenne. Le premier, la ferme familiale vendue, s&#8217;installe \u00e0 Saint-Sauveur, le village le plus proche.\u00a0Un caf\u00e9-\u00e9picerie aide \u00e0 la subsistance familiale, mais bien vite l&#8217;ami Pierrot s&#8217;initie au commerce en tous <a class=\"read-more\" href=\"https:\/\/affaire-cadiou-seznec.fr\/?p=666\">Read more<\/a><\/p>\n","protected":false},"author":1,"featured_media":0,"comment_status":"open","ping_status":"open","sticky":false,"template":"","format":"standard","meta":{"footnotes":""},"categories":[1],"tags":[],"class_list":["post-666","post","type-post","status-publish","format-standard","hentry","category-uncategorized","wpautop"],"_links":{"self":[{"href":"https:\/\/affaire-cadiou-seznec.fr\/index.php?rest_route=\/wp\/v2\/posts\/666","targetHints":{"allow":["GET"]}}],"collection":[{"href":"https:\/\/affaire-cadiou-seznec.fr\/index.php?rest_route=\/wp\/v2\/posts"}],"about":[{"href":"https:\/\/affaire-cadiou-seznec.fr\/index.php?rest_route=\/wp\/v2\/types\/post"}],"author":[{"embeddable":true,"href":"https:\/\/affaire-cadiou-seznec.fr\/index.php?rest_route=\/wp\/v2\/users\/1"}],"replies":[{"embeddable":true,"href":"https:\/\/affaire-cadiou-seznec.fr\/index.php?rest_route=%2Fwp%2Fv2%2Fcomments&post=666"}],"version-history":[{"count":0,"href":"https:\/\/affaire-cadiou-seznec.fr\/index.php?rest_route=\/wp\/v2\/posts\/666\/revisions"}],"wp:attachment":[{"href":"https:\/\/affaire-cadiou-seznec.fr\/index.php?rest_route=%2Fwp%2Fv2%2Fmedia&parent=666"}],"wp:term":[{"taxonomy":"category","embeddable":true,"href":"https:\/\/affaire-cadiou-seznec.fr\/index.php?rest_route=%2Fwp%2Fv2%2Fcategories&post=666"},{"taxonomy":"post_tag","embeddable":true,"href":"https:\/\/affaire-cadiou-seznec.fr\/index.php?rest_route=%2Fwp%2Fv2%2Ftags&post=666"}],"curies":[{"name":"wp","href":"https:\/\/api.w.org\/{rel}","templated":true}]}}